{"id":74121,"date":"2021-03-09T08:38:22","date_gmt":"2021-03-09T06:38:22","guid":{"rendered":"http:\/\/realitatearutiera.ro\/?p=74121"},"modified":"2021-03-09T08:38:25","modified_gmt":"2021-03-09T06:38:25","slug":"sofer-amendat-dupa-ce-a-fost-la-un-pas-sa-loveasca-masina-unui-politist-intr-un-sens-giratoriu","status":"publish","type":"post","link":"https:\/\/realitatearutiera.ro\/?p=74121","title":{"rendered":"\u0218ofer amendat dup\u0103 ce a fost la un pas s\u0103 loveasc\u0103 ma\u0219ina unui poli\u021bist \u00eentr-un sens giratoriu"},"content":{"rendered":"\n<p>O filmare controversat\u0103 a devenit viral\u0103. \u00cen imagini apare un poli\u021bist la volanul unui Audi la un pas de a se ciocni cu un Seat \u00eentr-un sens giratoriu. Cine a gre\u0219it?<\/p>\n\n\n\n<p>Incidentul a avut loc, pe 3 martie, \u00eentr-un sens giratoriu de l\u00e2ng\u0103 Oradea. Imaginile au fost surprinse de camera de bord a unui \u0219ofer care se afla \u00een spatele celor doi conduc\u0103tori auto.<\/p>\n\n\n\n<p>Filmarea arat\u0103 cum un Audi A4 de culoare neagr\u0103 d\u0103 semnal \u00een ultimul moment \u0219i vrea s\u0103 p\u0103r\u0103seasc\u0103&nbsp;<a href=\"https:\/\/www.promotor.ro\/stiri-auto\/sens-giratoriu-pe-fundul-oceanului-atlantic-18791769\" target=\"_blank\" rel=\"noreferrer noopener\">sensul giratoriu<\/a>. Este \u00eencadrat \u00eens\u0103 pe banda din interior \u0219i pare s\u0103 for\u021beze ie\u0219irea \u00een fa\u021ba unui Seat Exeo de culoare alb\u0103. Acesta din urm\u0103, \u00eencadrat pe banda din exterior, inten\u021bioneaz\u0103 s\u0103-\u0219i continue deplasarea \u00een sensul giratoriu. Seat-ul opre\u0219te pentru a evita s\u0103 loveasc\u0103 portierele de pe partea dreapt\u0103 ale sedanului german. \u0218oferul sedanului ac\u021bioneaz\u0103 luminile de avarii \u0219i coboar\u0103 din ma\u0219in\u0103.<\/p>\n\n\n\n<p><a href=\"https:\/\/www.bihon.ro\/stirile-judetului-bihor\/surpriza-avuta-de-un-sofer-care-a-taiat-calea-unui-autoturism-in-sensul-giratoriu-3652882\/\" target=\"_blank\" rel=\"noreferrer noopener\">Presa local\u0103<\/a>&nbsp;noteaz\u0103 c\u0103 \u0219oferul de Seat a fost sanc\u021bionat contraven\u021bional chiar de&nbsp;<a href=\"https:\/\/www.promotor.ro\/stiri-auto\/un-sofer-prins-baut-a-dat-o-replica-geniala-totusi-politistul-l-a-pus-la-punct-in-secunda-doi-18811744\" target=\"_blank\" rel=\"noreferrer noopener\">poli\u021bistul<\/a>&nbsp;care i-ar fi t\u0103iat calea. Acesta a primit 6 puncte-amend\u0103, echivalentul a 870 de lei pentru \u00eencadrarea necorespunz\u0103toare \u00een vederea efectu\u0103rii virajului la st\u00e2nga.<\/p>\n\n\n\n<p>Imaginile \u00eens\u0103, vorbesc de la sine, sus\u021bin cei care le-au v\u0103zut. \u201cPoli\u021bistul din Audi a gre\u0219it pentru c\u0103 nu a acordat prioritate atunci c\u00e2nd \u0219i-a ar\u0103tat inten\u021bia de a p\u0103r\u0103si sensul giratoriu\u201d, este explica\u021bia celor care \u00eei dau dreptate \u0219oferului de Seat. Legea spune \u00eens\u0103, altceva.<\/p>\n\n\n\n<p>Video <a href=\"https:\/\/youtu.be\/VhBVF1lQNmc\">aici<\/a><\/p>\n\n\n\n<h2 class=\"wp-block-heading\">\u0218ofer versus poli\u021bist \u00een sens giratoriu. Cine a gre\u0219it?<\/h2>\n\n\n\n<p>Sensul giratoriu este o intersec\u021bie cu circula\u021bie dirijat\u0103. \u00cen astfel de intersec\u021bii, apar uneori marcaje de ghidare, care nu sunt benzi de circula\u021bie \u0219i nici nu sunt obligatorii.<\/p>\n\n\n\n<p>\u00cen acest caz, cei doi conduc\u0103tori auto au intrat \u00een sensul giratoriu folosind aceea\u0219i intrare, deci nu poate fi vorba despre prioritate tipic\u0103 sensurilor giratorii, potrivit articolului 57 din OUG 195\/2002, alineatul 4. \u201c(4) \u00cen intersec\u021biile cu sens giratoriu, semnalizate ca atare, vehiculele care circul\u0103 \u00een interiorul acestora au prioritate fa\u021b\u0103 de cele care urmeaz\u0103 s\u0103 p\u0103trund\u0103 \u00een intersec\u021bie.\u201d<\/p>\n\n\n\n<p>\u0218oferul din autoturismul alb a vrut s\u0103 vireze la st\u00e2nga. Acesta a schimbat direc\u021bia de mers \u0219i l-a for\u021bat pe poli\u021bistul care se deplasa pe direc\u021bia \u00eenainte s\u0103 fac\u0103 manevre de evitare a coliziunii. Astfel, \u0219oferul de Seat a fost sanc\u021bionat cu 6 puncte-amend\u0103 pentru \u00eencadrarea necorespunz\u0103toare \u00een vederea efectu\u0103rii virajului la st\u00e2nga.<\/p>\n\n\n\n<p>Sursa:promotor<\/p>\n","protected":false},"excerpt":{"rendered":"<p>O filmare controversat\u0103 a devenit viral\u0103. \u00cen imagini apare un poli\u021bist la volanul unui Audi la un pas de a<\/p>\n","protected":false},"author":1,"featured_media":74122,"comment_status":"closed","ping_status":"closed","sticky":false,"template":"","format":"standard","meta":{"spay_email":"","footnotes":"","jetpack_publicize_message":""},"categories":[82],"tags":[],"class_list":["post-74121","post","type-post","status-publish","format-standard","has-post-thumbnail","hentry","category-auto"],"jetpack_featured_media_url":"https:\/\/i2.wp.com\/realitatearutiera.ro\/wp-content\/uploads\/2021\/03\/Sofer-politist-sens-giratoriu-5-1024x498-1.jpg?fit=1170%2C600&ssl=1","jetpack_publicize_connections":[],"jetpack_sharing_enabled":true,"jetpack_shortlink":"https:\/\/wp.me\/p61naM-jhv","jetpack-related-posts":[],"_links":{"self":[{"href":"https:\/\/realitatearutiera.ro\/index.php?rest_route=\/wp\/v2\/posts\/74121","targetHints":{"allow":["GET"]}}],"collection":[{"href":"https:\/\/realitatearutiera.ro\/index.php?rest_route=\/wp\/v2\/posts"}],"about":[{"href":"https:\/\/realitatearutiera.ro\/index.php?rest_route=\/wp\/v2\/types\/post"}],"author":[{"embeddable":true,"href":"https:\/\/realitatearutiera.ro\/index.php?rest_route=\/wp\/v2\/users\/1"}],"replies":[{"embeddable":true,"href":"https:\/\/realitatearutiera.ro\/index.php?rest_route=%2Fwp%2Fv2%2Fcomments&post=74121"}],"version-history":[{"count":1,"href":"https:\/\/realitatearutiera.ro\/index.php?rest_route=\/wp\/v2\/posts\/74121\/revisions"}],"predecessor-version":[{"id":74123,"href":"https:\/\/realitatearutiera.ro\/index.php?rest_route=\/wp\/v2\/posts\/74121\/revisions\/74123"}],"wp:featuredmedia":[{"embeddable":true,"href":"https:\/\/realitatearutiera.ro\/index.php?rest_route=\/wp\/v2\/media\/74122"}],"wp:attachment":[{"href":"https:\/\/realitatearutiera.ro\/index.php?rest_route=%2Fwp%2Fv2%2Fmedia&parent=74121"}],"wp:term":[{"taxonomy":"category","embeddable":true,"href":"https:\/\/realitatearutiera.ro\/index.php?rest_route=%2Fwp%2Fv2%2Fcategories&post=74121"},{"taxonomy":"post_tag","embeddable":true,"href":"https:\/\/realitatearutiera.ro\/index.php?rest_route=%2Fwp%2Fv2%2Ftags&post=74121"}],"curies":[{"name":"wp","href":"https:\/\/api.w.org\/{rel}","templated":true}]}}