{"id":74272,"date":"2021-03-15T08:28:47","date_gmt":"2021-03-15T06:28:47","guid":{"rendered":"http:\/\/realitatearutiera.ro\/?p=74272"},"modified":"2021-03-15T08:28:53","modified_gmt":"2021-03-15T06:28:53","slug":"o-tanara-de-29-de-ani-a-fost-ranita-in-urma-unui-accident-rutier","status":"publish","type":"post","link":"https:\/\/realitatearutiera.ro\/?p=74272","title":{"rendered":"O t\u00e2n\u0103r\u0103 de 29 de ani a fost r\u0103nit\u0103 \u00een urma unui accident rutier"},"content":{"rendered":"\n<p>O t\u00e2n\u0103r\u0103 de 29 de ani a fost r\u0103nit\u0103 dup\u0103 ce ma\u0219ina \u00een care se afla a fost izbit\u0103 \u00een plin de un alt autoturism.<\/p>\n\n\n\n<figure class=\"wp-block-image\"><img decoding=\"async\" src=\"https:\/\/i1.wp.com\/image.stirileprotv.ro\/media\/images\/680xX\/Mar2021\/62179230.jpg?w=800&#038;ssl=1\" alt=\"Accident cu victim\u0103 \u00een D\u00e2mbovi\u021ba. Ce s-a \u00eent\u00e2mplat\" data-recalc-dims=\"1\"\/><\/figure>\n\n\n\n<p>Accidentul a avut loc la ie\u0219irea din localitatea Nisipuri, jude\u021bul D\u00e2mbovi\u021ba. Din primele date, spun poli\u021bi\u0219tii, \u0219oferul de 50 de ani nu ar fi acordat prioritate \u00eentr-o intersec\u021bie \u0219i a lovit&nbsp;<a href=\"https:\/\/stirileprotv.ro\/stiri\/actualitate\/accident-cu-cinci-victime-in-judetul-arges-un-sofer-de-52-de-ani-a-rasturnat-un-microbuz.html\">ma\u0219ina<\/a>&nbsp;condus\u0103 de un t\u00e2n\u0103r de 34 de ani.<\/p>\n\n\n\n<p>\u00cen dreapta se afla pasagera care a fost dus\u0103 de urgen\u021b\u0103 la spitalul din T\u00e2rgoviste. Din fericire, starea ei nu este grav\u0103, spun medicii.\u00a0<a href=\"https:\/\/stirileprotv.ro\/stiri\/actualitate\/accident-pe-a1-o-masina-a-ramas-suspendata-pe-un-parapet-din-beton-foto.html\">\u0218oferul\u00a0<\/a>vinovat este cercetat penal pentru v\u0103t\u0103mare corporal\u0103 din culp\u0103.<\/p>\n\n\n\n<p>Sursa:stirileprotv<\/p>\n","protected":false},"excerpt":{"rendered":"<p>O t\u00e2n\u0103r\u0103 de 29 de ani a fost r\u0103nit\u0103 dup\u0103 ce ma\u0219ina \u00een care se afla a fost izbit\u0103 \u00een<\/p>\n","protected":false},"author":1,"featured_media":66061,"comment_status":"closed","ping_status":"closed","sticky":false,"template":"","format":"standard","meta":{"spay_email":"","footnotes":"","jetpack_publicize_message":""},"categories":[1],"tags":[],"class_list":["post-74272","post","type-post","status-publish","format-standard","has-post-thumbnail","hentry","category-uncategorized"],"jetpack_featured_media_url":"https:\/\/i2.wp.com\/realitatearutiera.ro\/wp-content\/uploads\/2020\/07\/accident_f58627.jpg?fit=1200%2C804&ssl=1","jetpack_publicize_connections":[],"jetpack_sharing_enabled":true,"jetpack_shortlink":"https:\/\/wp.me\/p61naM-jjW","jetpack-related-posts":[],"_links":{"self":[{"href":"https:\/\/realitatearutiera.ro\/index.php?rest_route=\/wp\/v2\/posts\/74272","targetHints":{"allow":["GET"]}}],"collection":[{"href":"https:\/\/realitatearutiera.ro\/index.php?rest_route=\/wp\/v2\/posts"}],"about":[{"href":"https:\/\/realitatearutiera.ro\/index.php?rest_route=\/wp\/v2\/types\/post"}],"author":[{"embeddable":true,"href":"https:\/\/realitatearutiera.ro\/index.php?rest_route=\/wp\/v2\/users\/1"}],"replies":[{"embeddable":true,"href":"https:\/\/realitatearutiera.ro\/index.php?rest_route=%2Fwp%2Fv2%2Fcomments&post=74272"}],"version-history":[{"count":1,"href":"https:\/\/realitatearutiera.ro\/index.php?rest_route=\/wp\/v2\/posts\/74272\/revisions"}],"predecessor-version":[{"id":74273,"href":"https:\/\/realitatearutiera.ro\/index.php?rest_route=\/wp\/v2\/posts\/74272\/revisions\/74273"}],"wp:featuredmedia":[{"embeddable":true,"href":"https:\/\/realitatearutiera.ro\/index.php?rest_route=\/wp\/v2\/media\/66061"}],"wp:attachment":[{"href":"https:\/\/realitatearutiera.ro\/index.php?rest_route=%2Fwp%2Fv2%2Fmedia&parent=74272"}],"wp:term":[{"taxonomy":"category","embeddable":true,"href":"https:\/\/realitatearutiera.ro\/index.php?rest_route=%2Fwp%2Fv2%2Fcategories&post=74272"},{"taxonomy":"post_tag","embeddable":true,"href":"https:\/\/realitatearutiera.ro\/index.php?rest_route=%2Fwp%2Fv2%2Ftags&post=74272"}],"curies":[{"name":"wp","href":"https:\/\/api.w.org\/{rel}","templated":true}]}}