{"id":74376,"date":"2021-03-17T12:23:31","date_gmt":"2021-03-17T10:23:31","guid":{"rendered":"http:\/\/realitatearutiera.ro\/?p=74376"},"modified":"2021-03-17T12:23:35","modified_gmt":"2021-03-17T10:23:35","slug":"honda-a-lansat-un-nou-filtru-de-aer-pentru-habitaclu","status":"publish","type":"post","link":"https:\/\/realitatearutiera.ro\/?p=74376","title":{"rendered":"Honda a lansat un nou filtru de aer pentru habitaclu"},"content":{"rendered":"\n<p><strong>Honda Motor Europe a introdus \u00een oferta sa un nou filtru de aer pentru habitaclu. Acesta are un design multi-strat progresiv, despre care Honda afirm\u0103 c\u0103 este unic \u00een lume \u0219i c\u0103 poate s\u0103 previn\u0103 \u0219i r\u0103sp\u00e2ndirea viru\u0219ilor.<\/strong><\/p>\n\n\n\n<p>Mai precis, niponii afirm\u0103 c\u0103 filtrul lor cel nou poate stopa peste 90% dintre aerosolii virali, iar stratul bio-func\u021bional impregnat cu extract de fructe este capabil s\u0103 inactiveze aproape 100% din \u00eenc\u0103rc\u0103tura viral\u0103 capturat\u0103. Cu alte cuvinte, noul fitru de aer pentru habitaclu ar fi capabil s\u0103 capteze o gam\u0103 larg\u0103 de germeni d\u0103un\u0103tori omului, inclusiv alergeni, precum \u0219i virusul SARS COV-2.<\/p>\n\n\n\n<p>Honda Motor Europe a colaborat cu Freudenberg pentru a dezvolta acest filtru nou de aer \u0219i \u00eel ofer\u0103 drept o alternativ\u0103 premium la filtrul de polen standard Honda. Protec\u021bia suplimentar\u0103 asigurat\u0103 de noul fitru de aer premium Honda vine prin reducerea semnificativ\u0103 a concentra\u021biei de aerosoli virali ajun\u0219i \u00een habitaclu.<\/p>\n\n\n\n<p>Filtrul func\u021bioneaz\u0103 \u0219i \u00eempotriva gazelor nocive, precum \u0219i a particulelor anorganice \u0219i biologice, dar \u0219i \u00eempotriva aerosolilor \u0219i a polenului. Practic, \u00een ma\u0219in\u0103 vei avea un aer mai curat dec\u00e2t \u00een mediul \u00eenconjur\u0103tor folosind acest filtru. Primele dou\u0103 straturi ale filrului sunt din microfibre, iar rolul acestora este de a capta majoritatea aerosolilor ultrafini, a prafului \u0219i a polenului, a\u0219a cum se \u00eent\u00e2mpl\u0103 \u0219i la filtrele de polen clasice. Cel de-al treilea strat este din c\u0103rbune activ \u0219i are rolul, la r\u00e2ndul s\u0103u, de a absoarbe particulele \u0219i gazele acide. Cel de-al patrulea strat al acestui filtru este complet nou, deoarece este acoperit cu o substan\u021b\u0103 activ\u0103 a unui extract de fructe nespecificat \u0219i asta \u00eel fac\u0103 s\u0103 fie un filtru bio-func\u021bional.<\/p>\n\n\n\n<p>Capacitatea acestui filtru de aer premium de la Honda Motor Europe a fost testat\u0103 \u0219i dovedit\u0103 printr teste specifice realizate la institutul de cercetare OFI din Austria.<\/p>\n\n\n\n<p>To\u021bi dealerii Honda din Rom\u00e2nia \u0219i Europa vor putea furniza \u0219i monta acest nou filtru, proiectat pentru toate modelele recente ale acestui produc\u0103tor. Importatorul Honda \u00een Rom\u00e2nia nu a specificat pre\u021bul noului filtru de aer premium, dar acesta depinde de modelul pentru care va fi comanda.<\/p>\n\n\n\n<p>Sursa:auto-blid<\/p>\n","protected":false},"excerpt":{"rendered":"<p>Honda Motor Europe a introdus \u00een oferta sa un nou filtru de aer pentru habitaclu. Acesta are un design multi-strat<\/p>\n","protected":false},"author":1,"featured_media":74377,"comment_status":"closed","ping_status":"closed","sticky":false,"template":"","format":"standard","meta":{"spay_email":"","footnotes":"","jetpack_publicize_message":""},"categories":[82],"tags":[],"class_list":["post-74376","post","type-post","status-publish","format-standard","has-post-thumbnail","hentry","category-auto"],"jetpack_featured_media_url":"https:\/\/i0.wp.com\/realitatearutiera.ro\/wp-content\/uploads\/2021\/03\/vagauto_mahle_original_4.jpg?fit=1280%2C1280&ssl=1","jetpack_publicize_connections":[],"jetpack_sharing_enabled":true,"jetpack_shortlink":"https:\/\/wp.me\/p61naM-jlC","jetpack-related-posts":[],"_links":{"self":[{"href":"https:\/\/realitatearutiera.ro\/index.php?rest_route=\/wp\/v2\/posts\/74376","targetHints":{"allow":["GET"]}}],"collection":[{"href":"https:\/\/realitatearutiera.ro\/index.php?rest_route=\/wp\/v2\/posts"}],"about":[{"href":"https:\/\/realitatearutiera.ro\/index.php?rest_route=\/wp\/v2\/types\/post"}],"author":[{"embeddable":true,"href":"https:\/\/realitatearutiera.ro\/index.php?rest_route=\/wp\/v2\/users\/1"}],"replies":[{"embeddable":true,"href":"https:\/\/realitatearutiera.ro\/index.php?rest_route=%2Fwp%2Fv2%2Fcomments&post=74376"}],"version-history":[{"count":1,"href":"https:\/\/realitatearutiera.ro\/index.php?rest_route=\/wp\/v2\/posts\/74376\/revisions"}],"predecessor-version":[{"id":74378,"href":"https:\/\/realitatearutiera.ro\/index.php?rest_route=\/wp\/v2\/posts\/74376\/revisions\/74378"}],"wp:featuredmedia":[{"embeddable":true,"href":"https:\/\/realitatearutiera.ro\/index.php?rest_route=\/wp\/v2\/media\/74377"}],"wp:attachment":[{"href":"https:\/\/realitatearutiera.ro\/index.php?rest_route=%2Fwp%2Fv2%2Fmedia&parent=74376"}],"wp:term":[{"taxonomy":"category","embeddable":true,"href":"https:\/\/realitatearutiera.ro\/index.php?rest_route=%2Fwp%2Fv2%2Fcategories&post=74376"},{"taxonomy":"post_tag","embeddable":true,"href":"https:\/\/realitatearutiera.ro\/index.php?rest_route=%2Fwp%2Fv2%2Ftags&post=74376"}],"curies":[{"name":"wp","href":"https:\/\/api.w.org\/{rel}","templated":true}]}}