{"id":74479,"date":"2021-03-22T08:58:37","date_gmt":"2021-03-22T06:58:37","guid":{"rendered":"http:\/\/realitatearutiera.ro\/?p=74479"},"modified":"2021-03-22T08:58:42","modified_gmt":"2021-03-22T06:58:42","slug":"ce-patesti-daca-esti-martor-la-un-accident-si-nu-anunti-imediat-politia","status":"publish","type":"post","link":"https:\/\/realitatearutiera.ro\/?p=74479","title":{"rendered":"Ce p\u0103\u021be\u0219ti dac\u0103 e\u0219ti martor la un accident \u0219i nu anun\u021bi imediat poli\u021bia"},"content":{"rendered":"\n<p>Un b\u0103rbat din jude\u021bul V\u00e2lcea a fost re\u021binut de poli\u021bi\u0219ti dup\u0103 ce ace\u0219tia au descoperit c\u0103 fusese martor la producerea unui accident \u00een urma c\u0103ruia dou\u0103 persoane \u0219i-au pierdut via\u021ba \u0219i nu a anun\u021bat autorit\u0103\u021bile.<\/p>\n\n\n\n<p>B\u0103rbatul a fost re\u021binut de poli\u021bi\u0219ti miercuri, 17 martie, dar accidentul s-a produs \u00een weekend, \u00een noaptea de 13\/14 martie, \u00een satul Botorani din comuna M\u0103ciuca. Exist\u0103 indicii c\u0103 tragedia a avut loc la o or\u0103 dup\u0103 miezul nop\u0163ii. Cu toate acestea, abia diminea\u0163a, \u00een jurul orei 7:00, dup\u0103 \u015fase ore de la eveniment, un localnic a alertat autorit\u0103\u0163ile prin num\u0103rul unic de urgen\u0163\u0103 112.<\/p>\n\n\n\n<p>Potrivit unor surse, persoana care a anun\u0163at Poli\u0163ia despre accident mergea la biseric\u0103, la slujba de duminic\u0103, c\u00e2nd a v\u0103zut \u00een p\u0103duricea de pe marginea drumului care leag\u0103 satele Botorani \u015fi Oveselu o ma\u015fin\u0103 r\u0103sturnat\u0103.<\/p>\n\n\n\n<h2 class=\"wp-block-heading\">Martor la un accident cu victime: I-a l\u0103sat pe to\u021bi s\u0103 moar\u0103!<\/h2>\n\n\n\n<p>C\u00e2nd au ajuns la fa\u0163a locului, poli\u0163i\u015ftii au avut parte de imagini de groaz\u0103: \u00een apropierea autoturismului transformat \u00eentr-un morman de fiare se afla cadavrul unei persoane care fusese proiectat\u0103 prin parbriz, \u00een urma impactului violent cu un copac din apropiere. \u00cen ma\u015fin\u0103, \u00eencarcerat\u0103, mai era o persoan\u0103. Nici una dintre cele dou\u0103 victime nu mai tr\u0103ia c\u00e2nd au ajuns salvatorii \u015fi poli\u0163i\u015ftii la fa\u0163a locului.<\/p>\n\n\n\n<p>\u00cen urma cercet\u0103rilor, s-a stabilit c\u0103 \u00een noaptea respectiv\u0103 a mai existat o persoan\u0103 care a asistat la accident. Acum r\u0103m\u00e2ne de stabilit dac\u0103 aceasta se afla \u00een aceea\u015fi ma\u015fin\u0103 cu victimele, \u00een alt\u0103 ma\u015fin\u0103, sau trecea \u00eent\u00e2mpl\u0103tor prin zon\u0103, dar \u015fi dac\u0103 cele dou\u0103 victime ar fi supravie\u0163uit \u00een cazul \u00een care li s-ar fi acordat primul ajutor ori ar fi fost \u00een\u015ftiin\u0163ate imediat autorit\u0103\u0163ile.<\/p>\n\n\n\n<p>Anchetatorii vor trebui s\u0103 mai afle \u015fi ce anume l-a determinat pe martor s\u0103 p\u0103r\u0103seasc\u0103 locul tragediei. Potrivit unor surse, acesta era amic cu cei doi b\u0103rba\u0163i care au murit \u00een accident \u2013 unul de 25 \u015fi altul de 40 de ani \u2013 \u015fi cu care ar fi mers la b\u0103ut. Martorul circula \u00een ma\u015fina din spatele celei implicate \u00een eveniment. Nu este exclus\u0103 nici ipoteza potrivit c\u0103reia cele dou\u0103 autoturisme se \u00eentreceau c\u00e2nd \u015foferul celei dint\u00e2i a pierdut controlul ma\u015finii.<\/p>\n\n\n\n<h2 class=\"wp-block-heading\">Obliga\u021biile \u0219oferilor \u00een cazul producerii unui accident<\/h2>\n\n\n\n<ul class=\"wp-block-list\"><li>Dac\u0103 evenimentul s-a soldat \u015fi cu r\u0103nirea unor persoane, conduc\u0103torul auto este obligat s\u0103 ia m\u0103suri de anun\u0163are imediat\u0103 a poli\u0163iei, s\u0103 nu modifice sau s\u0103 \u015ftearg\u0103 urmele accidentului \u015fi s\u0103 nu p\u0103r\u0103seasc\u0103 locul faptei. Totodat\u0103, este interzis oric\u0103rei persoane s\u0103 schimbe pozi\u0163ia vehiculului implicat \u00eentr-un accident de circula\u0163ie \u00een urma c\u0103ruia a rezultat moartea sau v\u0103t\u0103marea integrit\u0103\u0163ii corporale ori a s\u0103n\u0103t\u0103\u0163ii uneia sau a mai multor persoane, s\u0103 modifice starea locului sau s\u0103 \u015ftearg\u0103 urmele accidentului f\u0103r\u0103 \u00eencuviin\u0163area poli\u0163iei care cerceteaz\u0103 accidentul.<\/li><li>Conduc\u0103torilor de vehicule implica\u0163i \u00een evenimente rutiere le este interzis consumul de alcool sau de substan\u0163e cu efect psihoactiv dup\u0103 producerea evenimentului \u015fi p\u00e2n\u0103 la testarea concentra\u0163iei alcoolului \u00een aerul expirat \u0219i recoltarea probelor biologice.<\/li><li>Dac\u0103 \u00een urma evenimentului a rezultat numai avarierea vehiculelor \u015fi\/sau alte pagube materiale, conduc\u0103torii auto au obliga\u0163ia de a scoate imediat vehiculele \u00een afara p\u0103r\u0163ii carosabile ori, dac\u0103 starea vehiculelor nu permite acest lucru, s\u0103 le deplaseze c\u00e2t mai aproape de bordur\u0103 sau acostament, semnaliz\u00e2ndu-le prezen\u0163a, precum \u015fi de a se prezenta, \u00een termen de cel mult 24 de ore de la producerea evenimentului, la unitatea de poli\u0163ie competent\u0103 pe raza c\u0103reia s-a produs accidentul, pentru \u00eentocmirea documentelor de constatare.<\/li><\/ul>\n\n\n\n<p>\u00cen urm\u0103 cu patru luni,\u00a0<a href=\"https:\/\/www.promotor.ro\/stiri-auto\/doi-barbati-au-fost-retinuti-de-politistii-rutieri-dupa-ce-ar-fi-incercat-sa-ascunda-un-accident-18778173\">al\u021bi doi tineri au fost re\u021binu\u021bi de poli\u021bi\u0219ti dup\u0103 ce au \u00eencercat s\u0103 ascund\u0103 un accident<\/a>.<\/p>\n\n\n\n<p>Sursa:promotor<\/p>\n","protected":false},"excerpt":{"rendered":"<p>Un b\u0103rbat din jude\u021bul V\u00e2lcea a fost re\u021binut de poli\u021bi\u0219ti dup\u0103 ce ace\u0219tia au descoperit c\u0103 fusese martor la producerea<\/p>\n","protected":false},"author":1,"featured_media":74480,"comment_status":"closed","ping_status":"closed","sticky":false,"template":"","format":"standard","meta":{"spay_email":"","footnotes":"","jetpack_publicize_message":""},"categories":[6],"tags":[],"class_list":["post-74479","post","type-post","status-publish","format-standard","has-post-thumbnail","hentry","category-social"],"jetpack_featured_media_url":"https:\/\/i1.wp.com\/realitatearutiera.ro\/wp-content\/uploads\/2021\/03\/martor-accident-valcea-002.jpg?fit=933%2C700&ssl=1","jetpack_publicize_connections":[],"jetpack_sharing_enabled":true,"jetpack_shortlink":"https:\/\/wp.me\/p61naM-jnh","jetpack-related-posts":[],"_links":{"self":[{"href":"https:\/\/realitatearutiera.ro\/index.php?rest_route=\/wp\/v2\/posts\/74479","targetHints":{"allow":["GET"]}}],"collection":[{"href":"https:\/\/realitatearutiera.ro\/index.php?rest_route=\/wp\/v2\/posts"}],"about":[{"href":"https:\/\/realitatearutiera.ro\/index.php?rest_route=\/wp\/v2\/types\/post"}],"author":[{"embeddable":true,"href":"https:\/\/realitatearutiera.ro\/index.php?rest_route=\/wp\/v2\/users\/1"}],"replies":[{"embeddable":true,"href":"https:\/\/realitatearutiera.ro\/index.php?rest_route=%2Fwp%2Fv2%2Fcomments&post=74479"}],"version-history":[{"count":1,"href":"https:\/\/realitatearutiera.ro\/index.php?rest_route=\/wp\/v2\/posts\/74479\/revisions"}],"predecessor-version":[{"id":74481,"href":"https:\/\/realitatearutiera.ro\/index.php?rest_route=\/wp\/v2\/posts\/74479\/revisions\/74481"}],"wp:featuredmedia":[{"embeddable":true,"href":"https:\/\/realitatearutiera.ro\/index.php?rest_route=\/wp\/v2\/media\/74480"}],"wp:attachment":[{"href":"https:\/\/realitatearutiera.ro\/index.php?rest_route=%2Fwp%2Fv2%2Fmedia&parent=74479"}],"wp:term":[{"taxonomy":"category","embeddable":true,"href":"https:\/\/realitatearutiera.ro\/index.php?rest_route=%2Fwp%2Fv2%2Fcategories&post=74479"},{"taxonomy":"post_tag","embeddable":true,"href":"https:\/\/realitatearutiera.ro\/index.php?rest_route=%2Fwp%2Fv2%2Ftags&post=74479"}],"curies":[{"name":"wp","href":"https:\/\/api.w.org\/{rel}","templated":true}]}}