{"id":74680,"date":"2021-03-29T08:19:30","date_gmt":"2021-03-29T05:19:30","guid":{"rendered":"http:\/\/realitatearutiera.ro\/?p=74680"},"modified":"2021-03-29T08:19:36","modified_gmt":"2021-03-29T05:19:36","slug":"judetul-suceava-circulatie-intrerupta-pe-dn-17","status":"publish","type":"post","link":"https:\/\/realitatearutiera.ro\/?p=74680","title":{"rendered":"JUDE\u021aUL SUCEAVA: CIRCULA\u021aIE \u00ceNTRERUPT\u0102 PE DN 17"},"content":{"rendered":"\n<p><strong>Ora:&nbsp;<\/strong>07:45<\/p>\n\n\n\n<p><strong>Centrul INFOTRAFIC din Inspectoratul General al Poli\u021biei Rom\u00e2ne&nbsp;<\/strong>informeaz\u0103 c\u0103 pe DN17 Vatra Dornei-Gura Humorului, \u00een apropierea localit\u0103\u021bii C\u00e2mpulung Moldovenesc, jude\u021bul Suceava, a avut loc o coliziune frontal\u0103 \u00eentre dou\u0103 autoturisme, eveniment rutier soldat cu r\u0103nirea u\u0219oar\u0103 a trei persoane, acestea fiind evaluate medical la fa\u021ba locului. Traficul rutier este oprit pe ambele sensuri.<\/p>\n\n\n\n<p>Se estimeaz\u0103 reluarea normal\u0103 a circula\u021biei \u00een 30 de minute.<\/p>\n","protected":false},"excerpt":{"rendered":"<p>Ora:&nbsp;07:45 Centrul INFOTRAFIC din Inspectoratul General al Poli\u021biei Rom\u00e2ne&nbsp;informeaz\u0103 c\u0103 pe DN17 Vatra Dornei-Gura Humorului, \u00een apropierea localit\u0103\u021bii C\u00e2mpulung Moldovenesc,<\/p>\n","protected":false},"author":1,"featured_media":73769,"comment_status":"closed","ping_status":"closed","sticky":false,"template":"","format":"standard","meta":{"spay_email":"","footnotes":"","jetpack_publicize_message":""},"categories":[54],"tags":[],"class_list":["post-74680","post","type-post","status-publish","format-standard","has-post-thumbnail","hentry","category-informatii-rutiere"],"jetpack_featured_media_url":"https:\/\/i0.wp.com\/realitatearutiera.ro\/wp-content\/uploads\/2021\/02\/infotrafic.jpg?fit=317%2C278&ssl=1","jetpack_publicize_connections":[],"jetpack_sharing_enabled":true,"jetpack_shortlink":"https:\/\/wp.me\/p61naM-jqw","jetpack-related-posts":[],"_links":{"self":[{"href":"https:\/\/realitatearutiera.ro\/index.php?rest_route=\/wp\/v2\/posts\/74680","targetHints":{"allow":["GET"]}}],"collection":[{"href":"https:\/\/realitatearutiera.ro\/index.php?rest_route=\/wp\/v2\/posts"}],"about":[{"href":"https:\/\/realitatearutiera.ro\/index.php?rest_route=\/wp\/v2\/types\/post"}],"author":[{"embeddable":true,"href":"https:\/\/realitatearutiera.ro\/index.php?rest_route=\/wp\/v2\/users\/1"}],"replies":[{"embeddable":true,"href":"https:\/\/realitatearutiera.ro\/index.php?rest_route=%2Fwp%2Fv2%2Fcomments&post=74680"}],"version-history":[{"count":1,"href":"https:\/\/realitatearutiera.ro\/index.php?rest_route=\/wp\/v2\/posts\/74680\/revisions"}],"predecessor-version":[{"id":74681,"href":"https:\/\/realitatearutiera.ro\/index.php?rest_route=\/wp\/v2\/posts\/74680\/revisions\/74681"}],"wp:featuredmedia":[{"embeddable":true,"href":"https:\/\/realitatearutiera.ro\/index.php?rest_route=\/wp\/v2\/media\/73769"}],"wp:attachment":[{"href":"https:\/\/realitatearutiera.ro\/index.php?rest_route=%2Fwp%2Fv2%2Fmedia&parent=74680"}],"wp:term":[{"taxonomy":"category","embeddable":true,"href":"https:\/\/realitatearutiera.ro\/index.php?rest_route=%2Fwp%2Fv2%2Fcategories&post=74680"},{"taxonomy":"post_tag","embeddable":true,"href":"https:\/\/realitatearutiera.ro\/index.php?rest_route=%2Fwp%2Fv2%2Ftags&post=74680"}],"curies":[{"name":"wp","href":"https:\/\/api.w.org\/{rel}","templated":true}]}}