{"id":74708,"date":"2021-03-29T12:51:07","date_gmt":"2021-03-29T09:51:07","guid":{"rendered":"http:\/\/realitatearutiera.ro\/?p=74708"},"modified":"2021-03-29T12:51:12","modified_gmt":"2021-03-29T09:51:12","slug":"incalzirea-vremii-a-readus-brusc-in-actualitate-si-accidentele-cu-biciclisti-pe-sosele","status":"publish","type":"post","link":"https:\/\/realitatearutiera.ro\/?p=74708","title":{"rendered":"\u00cenc\u0103lzirea vremii a readus brusc \u00een actualitate \u0219i accidentele cu bicicli\u0219ti pe \u0219osele"},"content":{"rendered":"\n<p>\u00cenc\u0103lzirea vremii a readus brusc \u00een actualitate \u0219i accidentele cu bicicli\u0219ti pe \u0219oselele din jude\u021b, vineri \u0219i s\u00e2mb\u0103t\u0103 \u00eenregistr\u00e2ndu-se patru evenimente rutiere cu implicarea acestora. Din p\u0103cate, unul dintre accidente a fost mortal. Accidentele s-au produs doar din vina bicicli\u0219tilor, ba chiar \u00een trei din patru cazuri este vorba de c\u0103deri accidentale, f\u0103r\u0103 implicarea altor autovehicule, rezult\u0103 din cercet\u0103rile preliminare ale poli\u021bi\u0219tilor. \u00a0\u00a0<\/p>\n\n\n\n<p>S\u00e2mb\u0103t\u0103, \u00een jurul orei 15.30, un b\u0103rbat \u00een v\u00e2rst\u0103 de 48 de ani, din Dolhasca, \u00een timp ce se deplasa cu o biciclet\u0103 pe o strad\u0103 din localitate, \u00eentr-o curb\u0103 la dreapta, pe un sector de drum \u00een pant\u0103, s-a dezechilibrat \u0219i a c\u0103zut de pe bicicleta. \u00cen c\u0103dere, b\u0103rbatul s-a lovit cu capul de acostamentul betonat din partea dreapt\u0103 a drumului. B\u0103rbatul a r\u0103mas incon\u0219tient, fiind declarat decedat de cadrele medicale care au ajuns la fa\u021ba locului.&nbsp;<\/p>\n\n\n\n<p>Vineri, \u00een jurul orei 15.50, un b\u0103tr\u00e2n \u00een v\u00e2rst\u0103 de 83 de ani, din Vicovu de Jos, biciclist, a fost acro\u0219at de o ma\u0219in\u0103. Din cercet\u0103rile poli\u021biei rezult\u0103 c\u0103 \u00een timp ce se deplasa cu bicicleta pe acostamentul drumului na\u021bional din localitate, ajuns \u00een dreptul Gr\u0103dini\u021bei din Vicovu de Jos, b\u0103tr\u00e2nul a f\u0103cut o manevr\u0103 brusc\u0103 f\u0103r\u0103 a se asigura, fiind acro\u0219at de un autoturism Dacia Logan, condus de un \u0219ofer \u00een v\u00e2rst\u0103 de 71 ani, din comuna Vicovu de Jos, ce se deplasa regulamentar \u00een aceea\u0219i direc\u021bie de mers.<\/p>\n\n\n\n<p>\u00cen urma impactului, biciclistul octogenar s-a dezechilibrat \u0219i a c\u0103zut pe partea carosabil\u0103, fiind transportat cu ambulan\u021ba la Spitalul municipal R\u0103d\u0103u\u021bi. El a fost diagnosticat preliminar cu un traumatism cranian f\u0103r\u0103 pierdere de cuno\u0219tin\u021b\u0103, \u0219i mai multe pl\u0103gi contuze.<\/p>\n\n\n\n<p>\u201dVinovat de producerea accidentului rutier se face biciclistul, care a p\u0103truns pe sensul de mers al autoturismului f\u0103r\u0103 a se asigura corespunz\u0103tor\u201d, rezult\u0103 din ancheta poli\u021biei.<\/p>\n\n\n\n<p>Tot vineri, la P\u0103tr\u0103u\u021bi, un localnic \u00een v\u00e2rst\u0103 de 43 de ani, care mergea pe biciclet\u0103, a c\u0103zut pe drumul comunal din cartierul Moldoveni. B\u0103rbatul a fost transportat la Spitalul Jude\u021bean, av\u00e2nd un traumatism cranian cu plag\u0103.<\/p>\n\n\n\n<p>\u00cen fine, tot vineri, la Mitocu Dragomirnei, pe un drum comunal, doi copii de 14 ani au c\u0103zut pe carosabil dup\u0103 ce bicicleta condus\u0103 de unul din ei ar fi r\u0103mas f\u0103r\u0103 fr\u00e2ne. Evenimentul rutier nu ar fi ajuns \u00een aten\u021bia poli\u021biei dac\u0103 unul dintre minori nu s-ar fi sim\u021bit r\u0103u dup\u0103 ce a ajuns acas\u0103. El a fost preluat de o ambulan\u021b\u0103 \u0219i dus la spital, unde a fost diagnosticat cu un traumatism la picior \u0219i cu un traumatism cranio-cerebral.<\/p>\n\n\n\n<p>Sursa:monitorulsv<\/p>\n\n\n\n<p><\/p>\n","protected":false},"excerpt":{"rendered":"<p>\u00cenc\u0103lzirea vremii a readus brusc \u00een actualitate \u0219i accidentele cu bicicli\u0219ti pe \u0219oselele din jude\u021b, vineri \u0219i s\u00e2mb\u0103t\u0103 \u00eenregistr\u00e2ndu-se patru<\/p>\n","protected":false},"author":1,"featured_media":44395,"comment_status":"closed","ping_status":"closed","sticky":false,"template":"","format":"standard","meta":{"spay_email":"","footnotes":"","jetpack_publicize_message":""},"categories":[1],"tags":[],"class_list":["post-74708","post","type-post","status-publish","format-standard","has-post-thumbnail","hentry","category-uncategorized"],"jetpack_featured_media_url":"https:\/\/i2.wp.com\/realitatearutiera.ro\/wp-content\/uploads\/2018\/12\/accident_bicicleta_20171101134104.jpg?fit=640%2C351&ssl=1","jetpack_publicize_connections":[],"jetpack_sharing_enabled":true,"jetpack_shortlink":"https:\/\/wp.me\/p61naM-jqY","jetpack-related-posts":[],"_links":{"self":[{"href":"https:\/\/realitatearutiera.ro\/index.php?rest_route=\/wp\/v2\/posts\/74708","targetHints":{"allow":["GET"]}}],"collection":[{"href":"https:\/\/realitatearutiera.ro\/index.php?rest_route=\/wp\/v2\/posts"}],"about":[{"href":"https:\/\/realitatearutiera.ro\/index.php?rest_route=\/wp\/v2\/types\/post"}],"author":[{"embeddable":true,"href":"https:\/\/realitatearutiera.ro\/index.php?rest_route=\/wp\/v2\/users\/1"}],"replies":[{"embeddable":true,"href":"https:\/\/realitatearutiera.ro\/index.php?rest_route=%2Fwp%2Fv2%2Fcomments&post=74708"}],"version-history":[{"count":1,"href":"https:\/\/realitatearutiera.ro\/index.php?rest_route=\/wp\/v2\/posts\/74708\/revisions"}],"predecessor-version":[{"id":74709,"href":"https:\/\/realitatearutiera.ro\/index.php?rest_route=\/wp\/v2\/posts\/74708\/revisions\/74709"}],"wp:featuredmedia":[{"embeddable":true,"href":"https:\/\/realitatearutiera.ro\/index.php?rest_route=\/wp\/v2\/media\/44395"}],"wp:attachment":[{"href":"https:\/\/realitatearutiera.ro\/index.php?rest_route=%2Fwp%2Fv2%2Fmedia&parent=74708"}],"wp:term":[{"taxonomy":"category","embeddable":true,"href":"https:\/\/realitatearutiera.ro\/index.php?rest_route=%2Fwp%2Fv2%2Fcategories&post=74708"},{"taxonomy":"post_tag","embeddable":true,"href":"https:\/\/realitatearutiera.ro\/index.php?rest_route=%2Fwp%2Fv2%2Ftags&post=74708"}],"curies":[{"name":"wp","href":"https:\/\/api.w.org\/{rel}","templated":true}]}}