{"id":75213,"date":"2021-04-14T08:46:55","date_gmt":"2021-04-14T05:46:55","guid":{"rendered":"http:\/\/realitatearutiera.ro\/?p=75213"},"modified":"2021-04-14T08:47:01","modified_gmt":"2021-04-14T05:47:01","slug":"prognoza-meteo-14-aprilie-vremea-se-raceste-accentuat-ploi-vant-puternic","status":"publish","type":"post","link":"https:\/\/realitatearutiera.ro\/?p=75213","title":{"rendered":"Prognoza meteo 14 aprilie. Vremea se r\u0103ce\u0219te accentuat: ploi, v\u00e2nt puternic"},"content":{"rendered":"\n<h3 class=\"wp-block-heading\">Meteorologii au emis o informare de vreme rea valabil\u0103 pentru aproape toat\u0103 \u021bara. Ploi, temperaturi sc\u0103zute \u0219i instabilitate, asta ne a\u0219teapt\u0103 p\u00e2n\u0103 vineri.<\/h3>\n\n\n\n<p>Astazi, vremea se va r\u0103ci accentuat \u015fi va deveni deosebit de rece pentru mijlocul lunii aprilie. Cerul va fi mai mult noros \u015fi temporar va ploua \u00een jum\u0103tatea de nord a \u0163\u0103rii \u015fi local \u015fi \u00een regiunile sudice. Vor fi mai ales averse, \u00eenso\u0163ite izolat \u015fi de desc\u0103rc\u0103ri electrice. Prin cumulare, cantit\u0103\u0163ile de ap\u0103 vor dep\u0103\u015fi local 15&#8230;20 l\/mp \u015fi izolat 30 l\/mp, \u00eendeosebi \u00een nord-vestul \u015fi centrul teritoriului.<\/p>\n\n\n\n<p>La munte, treptat vor predomina ninsorile, se va depune strat de z\u0103pad\u0103 \u015fi, \u00een special la altitudini de peste 1500 m \u00een Carpa\u0163ii Meridionali \u015fi de Curbur\u0103, rafalele vor dep\u0103\u015fi 70&#8230;80 km\/h \u015fi va fi viscol. Intensific\u0103ri temporare ale v\u00e2ntului, cu viteze \u00een general de 45&#8230;55 km\/h vor fi \u00een majoritatea zonelor, \u00eendeosebi \u00een sud \u015fi sud-est, cu p\u00e2n\u0103 la 60&#8230;65 km\/h \u00een Oltenia. Temperaturile maxime se vor \u00eencadra, \u00een general, \u00eentre 4 \u015fi 13 grade, cu cele mai sc\u0103zute valori \u00een dealurile vestice.<\/p>\n\n\n\n<p>In capitala, vremea va deveni deosebit de rece \u00een cursul zilei, cu o maxim\u0103 termic\u0103 de 11&#8230;12 grade. Cerul va fi temporar noros \u015fi vor fi condi\u0163ii de ploaie de scurt\u0103 durat\u0103. V\u00e2ntul va sufla moderat, temporar cu intensific\u0103ri, cu rafale de 40&#8230;45 km\/h.<\/p>\n\n\n\n<p>La munte, vremea se va r\u0103ci accentuat \u015fi va deveni deosebit de rece pentru mijlocul lunii aprilie. Cerul va fi mai mult noros \u015fi treptat vor predomina ninsorile, se va depune strat de z\u0103pad\u0103 \u015fi, \u00een special la altitudini de peste 1500 m \u00een Carpa\u0163ii Meridionali \u015fi de Curbur\u0103, rafalele vor dep\u0103\u015fi 70&#8230;80 km\/h \u015fi va fi viscol. Prin cumulare, cantit\u0103\u0163ile de ap\u0103 vor dep\u0103\u015fi local 15&#8230;20 l\/mp.\u00a0<\/p>\n\n\n\n<p>Sursa:realitatea<\/p>\n","protected":false},"excerpt":{"rendered":"<p>Meteorologii au emis o informare de vreme rea valabil\u0103 pentru aproape toat\u0103 \u021bara. Ploi, temperaturi sc\u0103zute \u0219i instabilitate, asta ne<\/p>\n","protected":false},"author":1,"featured_media":75214,"comment_status":"closed","ping_status":"closed","sticky":false,"template":"","format":"standard","meta":{"spay_email":"","footnotes":"","jetpack_publicize_message":""},"categories":[6],"tags":[],"class_list":["post-75213","post","type-post","status-publish","format-standard","has-post-thumbnail","hentry","category-social"],"jetpack_featured_media_url":"https:\/\/i2.wp.com\/realitatearutiera.ro\/wp-content\/uploads\/2021\/04\/NzgwJmg9NDQwJmhhc2g9MjVlZjcwNGQyZjViYWQ0OWU2OWYxOGMyMzdlZGY2ZmE.thumb_.jpg?fit=780%2C440&ssl=1","jetpack_publicize_connections":[],"jetpack_sharing_enabled":true,"jetpack_shortlink":"https:\/\/wp.me\/p61naM-jz7","jetpack-related-posts":[],"_links":{"self":[{"href":"https:\/\/realitatearutiera.ro\/index.php?rest_route=\/wp\/v2\/posts\/75213","targetHints":{"allow":["GET"]}}],"collection":[{"href":"https:\/\/realitatearutiera.ro\/index.php?rest_route=\/wp\/v2\/posts"}],"about":[{"href":"https:\/\/realitatearutiera.ro\/index.php?rest_route=\/wp\/v2\/types\/post"}],"author":[{"embeddable":true,"href":"https:\/\/realitatearutiera.ro\/index.php?rest_route=\/wp\/v2\/users\/1"}],"replies":[{"embeddable":true,"href":"https:\/\/realitatearutiera.ro\/index.php?rest_route=%2Fwp%2Fv2%2Fcomments&post=75213"}],"version-history":[{"count":1,"href":"https:\/\/realitatearutiera.ro\/index.php?rest_route=\/wp\/v2\/posts\/75213\/revisions"}],"predecessor-version":[{"id":75215,"href":"https:\/\/realitatearutiera.ro\/index.php?rest_route=\/wp\/v2\/posts\/75213\/revisions\/75215"}],"wp:featuredmedia":[{"embeddable":true,"href":"https:\/\/realitatearutiera.ro\/index.php?rest_route=\/wp\/v2\/media\/75214"}],"wp:attachment":[{"href":"https:\/\/realitatearutiera.ro\/index.php?rest_route=%2Fwp%2Fv2%2Fmedia&parent=75213"}],"wp:term":[{"taxonomy":"category","embeddable":true,"href":"https:\/\/realitatearutiera.ro\/index.php?rest_route=%2Fwp%2Fv2%2Fcategories&post=75213"},{"taxonomy":"post_tag","embeddable":true,"href":"https:\/\/realitatearutiera.ro\/index.php?rest_route=%2Fwp%2Fv2%2Ftags&post=75213"}],"curies":[{"name":"wp","href":"https:\/\/api.w.org\/{rel}","templated":true}]}}