{"id":75580,"date":"2021-04-28T09:35:18","date_gmt":"2021-04-28T06:35:18","guid":{"rendered":"http:\/\/realitatearutiera.ro\/?p=75580"},"modified":"2021-04-28T09:35:23","modified_gmt":"2021-04-28T06:35:23","slug":"majorarea-substantiala-a-taxelor-de-parcare-in-bucuresti","status":"publish","type":"post","link":"https:\/\/realitatearutiera.ro\/?p=75580","title":{"rendered":"Majorarea substan\u021bial\u0103 a taxelor de parcare \u00een Bucure\u0219ti"},"content":{"rendered":"\n<p>Consiliul General a votat majorarea substan\u021bial\u0103 a taxelor de parcare \u00een Bucure\u0219ti, dar \u0219i actualizarea cu rata infla\u021biei a celorlalte taxe \u0219i impozite locale, printre care \u0219i impozitul auto. \u00cen unele cazuri, bucure\u0219tenii vor pl\u0103ti \u0219i de 7 ori mai mult pentru un loc de parcare.<\/p>\n\n\n\n<p>\u00cen urm\u0103 cu o lun\u0103, primarii de sectoare propuneau Consiliului General al Municipiului Bucure\u0219ti&nbsp;<a href=\"https:\/\/www.promotor.ro\/stiri-auto\/cresc-tarifele-cat-vom-plati-pentru-un-loc-de-parcare-in-bucuresti-18840059\">majorarea substan\u021bial\u0103 a tarifelor pentru ocuparea locurilor de parcare<\/a>. \u00cen \u0219edin\u021ba de mar\u021bi, Consiliul a aprobat aceast\u0103 majorare, astfel c\u0103 un loc de parcare va costa acum \u00eentre 300 de lei \u0219i 600 de lei pe an. P\u00e2n\u0103 acum, \u0219oferii din Capital\u0103 \u0219i asigurau un loc de parcare cu sume derizorii, \u00eentre 37 \u0219i 84 de lei pe an.<\/p>\n\n\n\n<h2 class=\"wp-block-heading\">Majorarea substan\u021bial\u0103 a taxelor de parcare \u00een Bucure\u0219ti<\/h2>\n\n\n\n<p>Potrivit amendamentului adoptat mar\u021bi, tarifele de parcare sunt corespunz\u0103toare celor patru zone ale Bucure\u0219tiului. Astfel, cele mai scumpe locuri de parcare vor fi \u00een zona central\u0103 a Capitalei (zona A), unde \u0219oferii vor pl\u0103ti 600 de lei anual pentru loc de parcare. Tarifele scad la 500 de lei \u00een zona B, 400 de lei \u00een zona C \u0219i 300 de lei \u00een zona D, la periferie. Astfel, cre\u0219terea este de circa 7 ori pentru majoritatea zonelor. \u00cen cazul zonei D, cre\u0219terea este de aproape 11 ori.<\/p>\n\n\n\n<h2 class=\"wp-block-heading\">Cu c\u00e2t cre\u0219te impozitul auto din 2022<\/h2>\n\n\n\n<p>Amendamentul a fost votat de c\u0103tre consilierii generali, \u00eempreun\u0103 cu un proiect care prevede cre\u0219terea taxelor \u0219i impozitelor din Bucure\u0219ti. Astfel, impozitul auto a fost indexat cu 2,6% \u00eencep\u00e2nd de anul viitor. \u00cen continuare, contribuabilii vor beneficia de bonifica\u021bia de 10% \u00een cazul pl\u0103\u021bilor anticipate ale taxelor \u0219i impozitelor, \u00eenainte de finalul lunii martie.<\/p>\n\n\n\n<p>Sursa:promotor<\/p>\n","protected":false},"excerpt":{"rendered":"<p>Consiliul General a votat majorarea substan\u021bial\u0103 a taxelor de parcare \u00een Bucure\u0219ti, dar \u0219i actualizarea cu rata infla\u021biei a celorlalte<\/p>\n","protected":false},"author":1,"featured_media":75581,"comment_status":"closed","ping_status":"closed","sticky":false,"template":"","format":"standard","meta":{"spay_email":"","footnotes":"","jetpack_publicize_message":""},"categories":[82],"tags":[],"class_list":["post-75580","post","type-post","status-publish","format-standard","has-post-thumbnail","hentry","category-auto"],"jetpack_featured_media_url":"https:\/\/i0.wp.com\/realitatearutiera.ro\/wp-content\/uploads\/2021\/04\/parcarea-de-resedinta-se-scumpeste-1024x576-1.jpg?fit=1024%2C576&ssl=1","jetpack_publicize_connections":[],"jetpack_sharing_enabled":true,"jetpack_shortlink":"https:\/\/wp.me\/p61naM-jF2","jetpack-related-posts":[],"_links":{"self":[{"href":"https:\/\/realitatearutiera.ro\/index.php?rest_route=\/wp\/v2\/posts\/75580","targetHints":{"allow":["GET"]}}],"collection":[{"href":"https:\/\/realitatearutiera.ro\/index.php?rest_route=\/wp\/v2\/posts"}],"about":[{"href":"https:\/\/realitatearutiera.ro\/index.php?rest_route=\/wp\/v2\/types\/post"}],"author":[{"embeddable":true,"href":"https:\/\/realitatearutiera.ro\/index.php?rest_route=\/wp\/v2\/users\/1"}],"replies":[{"embeddable":true,"href":"https:\/\/realitatearutiera.ro\/index.php?rest_route=%2Fwp%2Fv2%2Fcomments&post=75580"}],"version-history":[{"count":1,"href":"https:\/\/realitatearutiera.ro\/index.php?rest_route=\/wp\/v2\/posts\/75580\/revisions"}],"predecessor-version":[{"id":75582,"href":"https:\/\/realitatearutiera.ro\/index.php?rest_route=\/wp\/v2\/posts\/75580\/revisions\/75582"}],"wp:featuredmedia":[{"embeddable":true,"href":"https:\/\/realitatearutiera.ro\/index.php?rest_route=\/wp\/v2\/media\/75581"}],"wp:attachment":[{"href":"https:\/\/realitatearutiera.ro\/index.php?rest_route=%2Fwp%2Fv2%2Fmedia&parent=75580"}],"wp:term":[{"taxonomy":"category","embeddable":true,"href":"https:\/\/realitatearutiera.ro\/index.php?rest_route=%2Fwp%2Fv2%2Fcategories&post=75580"},{"taxonomy":"post_tag","embeddable":true,"href":"https:\/\/realitatearutiera.ro\/index.php?rest_route=%2Fwp%2Fv2%2Ftags&post=75580"}],"curies":[{"name":"wp","href":"https:\/\/api.w.org\/{rel}","templated":true}]}}