{"id":75606,"date":"2021-05-05T08:37:12","date_gmt":"2021-05-05T05:37:12","guid":{"rendered":"http:\/\/realitatearutiera.ro\/?p=75606"},"modified":"2021-05-05T08:37:18","modified_gmt":"2021-05-05T05:37:18","slug":"o-femeie-incepatoare-la-volan-a-facut-accident-cu-copiii-ei-in-masina","status":"publish","type":"post","link":"https:\/\/realitatearutiera.ro\/?p=75606","title":{"rendered":"O femeie \u00eencep\u0103toare la volan a f\u0103cut accident cu copiii ei \u00een ma\u0219in\u0103"},"content":{"rendered":"\n<p>Doi fra\u0163i, de 10 \u015fi 14 ani, din jude\u0163ul D\u00e2mbovi\u0163a, au fost r\u0103ni\u0163i \u00eentr-un accident rutier, c\u00e2nd se aflau \u00een ma\u015fina condus\u0103 de mama lor.<\/p>\n\n\n\n<p>Femeia de 32 de ani ob\u0163inuse permisul de conducere de numai c\u00e2teva luni. Ea ar fi p\u0103truns pe sensul opus de circula\u0163ie, a acro\u015fat o autoutilitar\u0103, dup\u0103 care s-a r\u0103sturnat.<\/p>\n\n\n\n<p>Martorii, care au observat \u00eentreaga scen\u0103 sunt cei care au sunat imediat la 112.<\/p>\n\n\n\n<p>Accidentul s-a produs pe drumul jude\u0163ean din localitate H\u0103beni. \u00cen ma\u015fin\u0103 se afla femeia de 30 de ani, al\u0103turi de cei doi copii ai s\u0103i, o fat\u0103 de 14 ani \u015fi un b\u0103iat de 10 ani.<\/p>\n\n\n\n<p>Localnicii s-au speriat c\u00e2nd au auzit zgomotul impactului, iar apoi au v\u0103zut ma\u015fina r\u0103sturn\u00e2ndu-se.<\/p>\n\n\n\n<p>\u015eoferi\u0163a ar fi fost la cump\u0103r\u0103turi, la T\u00e2rgovi\u015fte \u015fi se \u00eendrepta spre cas\u0103. Mai avea pu\u0163ini kilometri de parcurs, p\u00e2n\u0103 c\u00e2nd, \u00eentr-o curb\u0103, s-a produs accidentul, spun rudele.<\/p>\n\n\n\n<p>\u00cen urma impactului, cei doi copii afla\u0163i \u00een autoturism au suferit r\u0103ni, au fost prelua\u0163i de echipajele de la ambulan\u0163a \u015fi transporta\u0163i la Unitatea de Primiri Urgente, la T\u00e2rgovi\u015fte. Aici au primit \u00eengrijiri \u015fi sunt investiga\u0163i. \u00centre timp, poli\u0163i\u015ftii au deschis un dosar penal pentru v\u0103t\u0103mare corporal\u0103 din culp\u0103 \u015fi urmeaz\u0103 s\u0103 stabileasc\u0103 din ce cauz\u0103 s-a produs acest accident.<\/p>\n\n\n\n<p>Sursa:stirileprotv<\/p>\n","protected":false},"excerpt":{"rendered":"<p>Doi fra\u0163i, de 10 \u015fi 14 ani, din jude\u0163ul D\u00e2mbovi\u0163a, au fost r\u0103ni\u0163i \u00eentr-un accident rutier, c\u00e2nd se aflau \u00een<\/p>\n","protected":false},"author":1,"featured_media":74978,"comment_status":"closed","ping_status":"closed","sticky":false,"template":"","format":"standard","meta":{"spay_email":"","footnotes":"","jetpack_publicize_message":""},"categories":[1],"tags":[],"class_list":["post-75606","post","type-post","status-publish","format-standard","has-post-thumbnail","hentry","category-uncategorized"],"jetpack_featured_media_url":"https:\/\/i0.wp.com\/realitatearutiera.ro\/wp-content\/uploads\/2021\/04\/accident-1.jpg?fit=1024%2C768&ssl=1","jetpack_publicize_connections":[],"jetpack_sharing_enabled":true,"jetpack_shortlink":"https:\/\/wp.me\/p61naM-jFs","jetpack-related-posts":[],"_links":{"self":[{"href":"https:\/\/realitatearutiera.ro\/index.php?rest_route=\/wp\/v2\/posts\/75606","targetHints":{"allow":["GET"]}}],"collection":[{"href":"https:\/\/realitatearutiera.ro\/index.php?rest_route=\/wp\/v2\/posts"}],"about":[{"href":"https:\/\/realitatearutiera.ro\/index.php?rest_route=\/wp\/v2\/types\/post"}],"author":[{"embeddable":true,"href":"https:\/\/realitatearutiera.ro\/index.php?rest_route=\/wp\/v2\/users\/1"}],"replies":[{"embeddable":true,"href":"https:\/\/realitatearutiera.ro\/index.php?rest_route=%2Fwp%2Fv2%2Fcomments&post=75606"}],"version-history":[{"count":1,"href":"https:\/\/realitatearutiera.ro\/index.php?rest_route=\/wp\/v2\/posts\/75606\/revisions"}],"predecessor-version":[{"id":75607,"href":"https:\/\/realitatearutiera.ro\/index.php?rest_route=\/wp\/v2\/posts\/75606\/revisions\/75607"}],"wp:featuredmedia":[{"embeddable":true,"href":"https:\/\/realitatearutiera.ro\/index.php?rest_route=\/wp\/v2\/media\/74978"}],"wp:attachment":[{"href":"https:\/\/realitatearutiera.ro\/index.php?rest_route=%2Fwp%2Fv2%2Fmedia&parent=75606"}],"wp:term":[{"taxonomy":"category","embeddable":true,"href":"https:\/\/realitatearutiera.ro\/index.php?rest_route=%2Fwp%2Fv2%2Fcategories&post=75606"},{"taxonomy":"post_tag","embeddable":true,"href":"https:\/\/realitatearutiera.ro\/index.php?rest_route=%2Fwp%2Fv2%2Ftags&post=75606"}],"curies":[{"name":"wp","href":"https:\/\/api.w.org\/{rel}","templated":true}]}}