{"id":75611,"date":"2021-05-05T09:01:49","date_gmt":"2021-05-05T06:01:49","guid":{"rendered":"http:\/\/realitatearutiera.ro\/?p=75611"},"modified":"2021-05-05T09:01:55","modified_gmt":"2021-05-05T06:01:55","slug":"rca-obligatorie-si-pentru-masinile-nefunctionale","status":"publish","type":"post","link":"https:\/\/realitatearutiera.ro\/?p=75611","title":{"rendered":"RCA obligatorie \u0219i pentru ma\u0219inile nefunc\u021bionale"},"content":{"rendered":"\n<p>O decizie a Cur\u021bii de Justi\u021bie a Uniunii Europene \u00eei \u00eenfurie pe posesorii de autoturisme. De acum vor fi nevoi\u021bi s\u0103 \u00eencheie o poli\u021b\u0103 RCA \u0219i pentru ma\u0219inile pe care nu le folosesc.<\/p>\n\n\n\n<p>Cei care de\u021bin ma\u0219ini pe care nu le folosesc vor pl\u0103ti poli\u021ba RCA p\u00e2n\u0103 \u00een momentul \u00een care vor decide s\u0103 radieze vehiculul din circula\u021bie. Reglementarea este valabil\u0103 \u0219i pentru ma\u0219inile care nu mai func\u021bioneaz\u0103. Aceasta este hot\u0103r\u00e2rea Cur\u021bii de Justi\u021bie a Uniunii Europene (CJUE).<\/p>\n\n\n\n<p>Potrivit deciziei&nbsp;<a href=\"https:\/\/europa.eu\/european-union\/about-eu\/institutions-bodies\/court-justice_en\" target=\"_blank\" rel=\"noreferrer noopener\">CJUE<\/a>, \u201c\u00eencheierea unui contract de asigurare obligatorie de r\u0103spundere civil\u0103 auto este obligatorie atunci c\u00e2nd vehiculul \u00een cauz\u0103 este \u00eenmatriculat \u00eentr-un stat membru \u0219i nu a fost retras \u00een mod legal din circula\u021bie.\u201d Astfel, proprietarul trebuie s\u0103 \u00eencheie o poli\u021b\u0103&nbsp;<a href=\"https:\/\/www.promotor.ro\/stiri-auto\/tot-mai-multi-soferi-circula-fara-polita-rca-valabila-ce-spune-politia-rutiera-18831035\" target=\"_blank\" rel=\"noreferrer noopener\">RCA<\/a>&nbsp;\u0219i \u00een cazul \u00een care are \u00een curte o ma\u0219in\u0103 defec\u021biuni majore sau, de exemplu, f\u0103r\u0103 ro\u021bi, pe care nu o folose\u0219te de ani de zile.<\/p>\n\n\n\n<h2 class=\"wp-block-heading\">Poli\u021ba RCA pentru ma\u0219ini nefunc\u021bionale. Cum a ajuns CJUE la aceast\u0103 decizie?<\/h2>\n\n\n\n<p>Decizia Cur\u021bii de Justi\u021bie are la baz\u0103 un litigiu survenit \u00een Polonia. \u00cen cazul respectiv, un autoturism nefunc\u021bional, care a fost casat \u0219i radiat ulterior, a devenit proprietatea unei colectivit\u0103\u021bi locale. Dup\u0103 radierea ma\u0219inii, Fondul de Garantare a Aisgur\u0103rilor a sanc\u021bionat entitatea cu aproape 1000 de euro pentru ne\u00eencheierea unei poli\u021be RCA, de\u0219i ma\u0219ina nu func\u021biona.<\/p>\n\n\n\n<p>RCA este asigurarea civil\u0103 obligatorie de r\u0103spundere civil\u0103 auto. Decizia apare ca fiind una bizar\u0103, pentru c\u0103 un autoturism parcat, nefolosit, nu poate provoca un accident. Dar, potrivit unei hot\u0103r\u00e2ri luate de CJUE \u00een 2019, pagubele produse unui vehicul parcat pot fi acoperite de RCA.<\/p>\n\n\n\n<p>Proprietarii nu vor mai fi nevoi\u021bi s\u0103 \u00eencheie poli\u021ba RCA din momentul \u00een care radiaz\u0103 ma\u0219ina din circula\u021bei.<\/p>\n\n\n\n<p>Decizia Cur\u021bii de Justi\u021bie va fi aplicat\u0103 \u00een mod obligatoriu \u00een toate statele membre ale Uniunii Europene. Astfel, autorit\u0103\u021bile rom\u00e2ne trebuie s\u0103 ia \u00een calcul modificarea legii cu privire la \u00eencheierea unei poli\u021be RCA.<\/p>\n\n\n\n<p>Sursa:promotor<\/p>\n","protected":false},"excerpt":{"rendered":"<p>O decizie a Cur\u021bii de Justi\u021bie a Uniunii Europene \u00eei \u00eenfurie pe posesorii de autoturisme. De acum vor fi nevoi\u021bi<\/p>\n","protected":false},"author":1,"featured_media":75612,"comment_status":"closed","ping_status":"closed","sticky":false,"template":"","format":"standard","meta":{"spay_email":"","footnotes":"","jetpack_publicize_message":""},"categories":[82],"tags":[],"class_list":["post-75611","post","type-post","status-publish","format-standard","has-post-thumbnail","hentry","category-auto"],"jetpack_featured_media_url":"https:\/\/i1.wp.com\/realitatearutiera.ro\/wp-content\/uploads\/2021\/05\/646x404.jpg?fit=646%2C404&ssl=1","jetpack_publicize_connections":[],"jetpack_sharing_enabled":true,"jetpack_shortlink":"https:\/\/wp.me\/p61naM-jFx","jetpack-related-posts":[],"_links":{"self":[{"href":"https:\/\/realitatearutiera.ro\/index.php?rest_route=\/wp\/v2\/posts\/75611","targetHints":{"allow":["GET"]}}],"collection":[{"href":"https:\/\/realitatearutiera.ro\/index.php?rest_route=\/wp\/v2\/posts"}],"about":[{"href":"https:\/\/realitatearutiera.ro\/index.php?rest_route=\/wp\/v2\/types\/post"}],"author":[{"embeddable":true,"href":"https:\/\/realitatearutiera.ro\/index.php?rest_route=\/wp\/v2\/users\/1"}],"replies":[{"embeddable":true,"href":"https:\/\/realitatearutiera.ro\/index.php?rest_route=%2Fwp%2Fv2%2Fcomments&post=75611"}],"version-history":[{"count":1,"href":"https:\/\/realitatearutiera.ro\/index.php?rest_route=\/wp\/v2\/posts\/75611\/revisions"}],"predecessor-version":[{"id":75613,"href":"https:\/\/realitatearutiera.ro\/index.php?rest_route=\/wp\/v2\/posts\/75611\/revisions\/75613"}],"wp:featuredmedia":[{"embeddable":true,"href":"https:\/\/realitatearutiera.ro\/index.php?rest_route=\/wp\/v2\/media\/75612"}],"wp:attachment":[{"href":"https:\/\/realitatearutiera.ro\/index.php?rest_route=%2Fwp%2Fv2%2Fmedia&parent=75611"}],"wp:term":[{"taxonomy":"category","embeddable":true,"href":"https:\/\/realitatearutiera.ro\/index.php?rest_route=%2Fwp%2Fv2%2Fcategories&post=75611"},{"taxonomy":"post_tag","embeddable":true,"href":"https:\/\/realitatearutiera.ro\/index.php?rest_route=%2Fwp%2Fv2%2Ftags&post=75611"}],"curies":[{"name":"wp","href":"https:\/\/api.w.org\/{rel}","templated":true}]}}