{"id":75614,"date":"2021-05-05T09:10:46","date_gmt":"2021-05-05T06:10:46","guid":{"rendered":"http:\/\/realitatearutiera.ro\/?p=75614"},"modified":"2021-05-05T09:10:52","modified_gmt":"2021-05-05T06:10:52","slug":"tanara-de-19-ani-din-bucuresti-moarta-in-accident-in-tulcea","status":"publish","type":"post","link":"https:\/\/realitatearutiera.ro\/?p=75614","title":{"rendered":"T\u00e2n\u0103r\u0103 de 19 ani, din Bucure\u015fti, moart\u0103 \u00een accident, \u00een Tulcea"},"content":{"rendered":"\n<p>O fat\u0103 \u00een v\u00e2rst\u0103 de 19 ani, din Bucure\u015fti, a murit \u00eentr-o ma\u015fin\u0103 strivit\u0103, \u00eentr-un cumplit accident produs \u00een Tulcea, pe drumul dintre Jurilovca \u015fi Dou\u0103 Cantoane.<\/p>\n\n\n\n<p>Accidentul s-a produs, noaptea trecut\u0103, \u00een jurul orei 02.00, pe DJ 222 \u00eentre Jurilovca \u015fi intersec\u0163ia de la Dou\u0103 Cantoane, dup\u0103 ce un t\u00e2n\u0103r de 19 ani, din Bucure\u015fti, a pierdut controlul volanului.<\/p>\n\n\n\n<p>Astfel, la un moment dat, ma\u015fina sc\u0103pat\u0103 de sub control a derapat pe asfalt, s-a r\u0103sturnat \u015fi s-a izbit de un copac de pe marginea drumului.<\/p>\n\n\n\n<p>Din nefericire, impactul cu copacul a fost pe plafon, exact \u00een dreptul scaunelor din fa\u0163\u0103. Astfel, o t\u00e2n\u0103r\u0103 de 19 ani, aflat\u0103 pe scaunul din dreapta fa\u0163\u0103, a murit pe loc, strivit\u0103 \u00een ma\u015fin\u0103.<\/p>\n\n\n\n<figure class=\"wp-block-image\"><img decoding=\"async\" src=\"https:\/\/i1.wp.com\/www.antena3.ro\/thumbs\/int\/2021\/05\/05\/-705572.jpg?w=800&#038;ssl=1\" alt=\"fata din bucuresti accident tulcea\" data-recalc-dims=\"1\"\/><\/figure>\n\n\n\n<h2 class=\"wp-block-heading\">Fat\u0103 din Bucure\u015fti moart\u0103 \u00een accident, \u00een Tulcea, reac\u0163ia Poli\u0163iei<\/h2>\n\n\n\n<p>&#8220;\u00cen jurul orei 02.00, politistii din cadrul Serviciului Rutier al IPJ Tulcea au intervenit la un accident rutier.<\/p>\n\n\n\n<p>In fapt, un tanar de 19 ani din Bucuresti, in timp ce conducea autoturismul pe DJ 222, pe relatia Jurilovca &#8211; 2 Cantoane, pe fondul altor preocupari si al vitezei, a pierdut controlul autoturismului si a lovit un pom aflat in afara carosabilului<\/p>\n\n\n\n<p>In urma accidentului a rezultat decesul unei tinere de 19 ani, din Bucuresti, ranirea usoara a soferului si a trei pasageri cu varsta intre 16 si 19 ani.<\/p>\n\n\n\n<p>Conducatorul auto poseda permis de conducere corespunzator categoriei, iar la testarea cu aparatul etilotest a rezultat pozitiv.<\/p>\n\n\n\n<p>In cauza a fost intocmit un dosar penal, politistii rutieri urmand sa stabileasca cu exactitate modul si cauzele producerii accidentului&#8221;, se arat\u0103 \u00eentr-o informare a IPJ Tulcea.<\/p>\n\n\n\n<h2 class=\"wp-block-heading\">Tineri din Bucure\u015fti, accident mortal \u00een Tulcea, \u00een zona Dou\u0103 Cantoane<\/h2>\n\n\n\n<p>&#8220;La accident au intervenit de urgen\u021b\u0103 dou\u0103 echipaje din cadrul Sta\u021biei de Pompieri Babadag cu o autospecial\u0103 de stingere \u0219i modul de descarcerare \u0219i o ambulan\u021b\u0103 SMURD, \u00een sprijin sosind patru echipaje SAJ Tulcea.<\/p>\n\n\n\n<p>La fa\u021ba locului au fost g\u0103site cinci victime, dintre care dou\u0103 \u00eencarcerate ( conduc\u0103torul auto \u0219i pasagera din dreapta fa\u021b\u0103).<\/p>\n\n\n\n<p>Pompierii, cu ajutorul echipamentelor \u0219i procedeelor specifice, au extras cele dou\u0103 victime. Din nefericire, t\u00e2n\u0103ra, \u00een v\u00e2rst\u0103 de 19 ani, prezenta leziuni incompatibile cu via\u021ba, medicul de pe ambulan\u021ba SAJ pronun\u021b\u00e2nd decesul.&nbsp;<\/p>\n\n\n\n<p>Dup\u0103 monitorizare \u0219i acordarea m\u0103surilor de prim ajutor \u0219i celelalte patru victime ( dou\u0103 sex masculin \u0219i dou\u0103 de sex masculin), ce prezentau multiple traumatisme, au fost transportate la spital de c\u0103tre echipajele medicale&#8221;, au explicat reprezentan\u0163ii Ambulan\u0163ei Tulcea.<\/p>\n\n\n\n<p>Sursa:antena3<\/p>\n","protected":false},"excerpt":{"rendered":"<p>O fat\u0103 \u00een v\u00e2rst\u0103 de 19 ani, din Bucure\u015fti, a murit \u00eentr-o ma\u015fin\u0103 strivit\u0103, \u00eentr-un cumplit accident produs \u00een Tulcea,<\/p>\n","protected":false},"author":1,"featured_media":75615,"comment_status":"closed","ping_status":"closed","sticky":false,"template":"","format":"standard","meta":{"spay_email":"","footnotes":"","jetpack_publicize_message":""},"categories":[1],"tags":[],"class_list":["post-75614","post","type-post","status-publish","format-standard","has-post-thumbnail","hentry","category-uncategorized"],"jetpack_featured_media_url":"https:\/\/i1.wp.com\/realitatearutiera.ro\/wp-content\/uploads\/2021\/05\/fata-bucuresti-a-murit-masina-strivita-accident-tulcea-705571.jpg?fit=820%2C478&ssl=1","jetpack_publicize_connections":[],"jetpack_sharing_enabled":true,"jetpack_shortlink":"https:\/\/wp.me\/p61naM-jFA","jetpack-related-posts":[],"_links":{"self":[{"href":"https:\/\/realitatearutiera.ro\/index.php?rest_route=\/wp\/v2\/posts\/75614","targetHints":{"allow":["GET"]}}],"collection":[{"href":"https:\/\/realitatearutiera.ro\/index.php?rest_route=\/wp\/v2\/posts"}],"about":[{"href":"https:\/\/realitatearutiera.ro\/index.php?rest_route=\/wp\/v2\/types\/post"}],"author":[{"embeddable":true,"href":"https:\/\/realitatearutiera.ro\/index.php?rest_route=\/wp\/v2\/users\/1"}],"replies":[{"embeddable":true,"href":"https:\/\/realitatearutiera.ro\/index.php?rest_route=%2Fwp%2Fv2%2Fcomments&post=75614"}],"version-history":[{"count":1,"href":"https:\/\/realitatearutiera.ro\/index.php?rest_route=\/wp\/v2\/posts\/75614\/revisions"}],"predecessor-version":[{"id":75616,"href":"https:\/\/realitatearutiera.ro\/index.php?rest_route=\/wp\/v2\/posts\/75614\/revisions\/75616"}],"wp:featuredmedia":[{"embeddable":true,"href":"https:\/\/realitatearutiera.ro\/index.php?rest_route=\/wp\/v2\/media\/75615"}],"wp:attachment":[{"href":"https:\/\/realitatearutiera.ro\/index.php?rest_route=%2Fwp%2Fv2%2Fmedia&parent=75614"}],"wp:term":[{"taxonomy":"category","embeddable":true,"href":"https:\/\/realitatearutiera.ro\/index.php?rest_route=%2Fwp%2Fv2%2Fcategories&post=75614"},{"taxonomy":"post_tag","embeddable":true,"href":"https:\/\/realitatearutiera.ro\/index.php?rest_route=%2Fwp%2Fv2%2Ftags&post=75614"}],"curies":[{"name":"wp","href":"https:\/\/api.w.org\/{rel}","templated":true}]}}