{"id":75648,"date":"2021-05-05T12:09:32","date_gmt":"2021-05-05T09:09:32","guid":{"rendered":"http:\/\/realitatearutiera.ro\/?p=75648"},"modified":"2021-05-05T12:09:40","modified_gmt":"2021-05-05T09:09:40","slug":"dn1-acoperit-cu-pietris-pe-700-de-metri-in-zona-avrig-din-cauza-unei-incarcaturi-neasigurate","status":"publish","type":"post","link":"https:\/\/realitatearutiera.ro\/?p=75648","title":{"rendered":"DN1 acoperit cu pietri\u015f pe 700 de metri \u00een zona Avrig din cauza unei \u00eenc\u0103rc\u0103turi neasigurate"},"content":{"rendered":"\n<p>Poli\u0163ia rutier\u0103 din Sibiu atrage aten\u0163ia tuturor \u015foferilor care tranziteaz\u0103 jude\u0163ul pe DN 1, asupra unui incident petrecut \u00een trafic, miercuri diminea\u0163a, 5 mai \u015fi recomand\u0103 s\u0103 se circule cu vitez\u0103 redus\u0103 \u00een zona Avrig. <\/p>\n\n\n\n<p> Incidentul a avut loc la km 283 + 500 m, de pe DN 1. \u00cen zona Avrig, trafic a fost \u00eengreunat din cauza pietri\u015fului c\u0103zut dintr-o semiremorc\u0103, men\u0163ioneaz\u0103 purt\u0103toare de cuv\u00e2nt a Inspectoratului Jude\u0163ean de Poli\u0163ie Sibiu, Elena Werner.\u00a0 \u00a0 <\/p>\n\n\n\n<p>Potrivit informa\u0163iilor furnizate de Poli\u0163ie, pietri\u015ful a acoperit carosabilul pe o por\u0163iune de 700 de metri. <\/p>\n\n\n\n<p>\u00a0 \u201eRecomand\u0103m conduc\u0103torilor auto s\u0103 circule cu vitez\u0103 redus\u0103 si sa respecte indica\u0163iile poli\u0163i\u015ftilor rutieri afla\u0163i la fa\u0163a locului\u201d, men\u0163ioneaz\u0103 reprezentanta IPJ Sibiu. <\/p>\n\n\n\n<p>\u00a0 Aceea\u015fi surs\u0103 a mai precizat c\u0103 urmeaz\u0103 ca partea carosabil\u0103 s\u0103 fie cur\u0103\u0163at\u0103 \u015fi a men\u0163ionat \u015fi cine se face vinovat de acest incident \u00een trafic \u015fi ce m\u0103suri au fost luate \u00eempotriva acestuia.\u00a0 \u00a0 <\/p>\n\n\n\n<p>\u201e\u015eoferul unui autocamion condus spre Bra\u015fov, \u00een v\u00e2rst\u0103 de 31 de ani, din Prahova, a fost sanc\u0163ionat contraven\u0163ional cu amend\u0103 \u00een valoare de 1.305 lei din cauza neasigur\u0103rii \u00eenc\u0103rc\u0103turii\u201d, a mai declarat Elena Werner de la Poli\u0163ia Sibiu. \u00a0 Imagini cu\u00a0DN1 acoperit cu pietri\u015f, \u00een zona Avrig, din cauza unei \u00eenc\u0103rc\u0103turi neasigurate.<\/p>\n\n\n\n<p>Sursa:adevarul<\/p>\n","protected":false},"excerpt":{"rendered":"<p>Poli\u0163ia rutier\u0103 din Sibiu atrage aten\u0163ia tuturor \u015foferilor care tranziteaz\u0103 jude\u0163ul pe DN 1, asupra unui incident petrecut \u00een trafic,<\/p>\n","protected":false},"author":1,"featured_media":75650,"comment_status":"closed","ping_status":"closed","sticky":false,"template":"","format":"standard","meta":{"spay_email":"","footnotes":"","jetpack_publicize_message":""},"categories":[54],"tags":[],"class_list":["post-75648","post","type-post","status-publish","format-standard","has-post-thumbnail","hentry","category-informatii-rutiere"],"jetpack_featured_media_url":"https:\/\/i2.wp.com\/realitatearutiera.ro\/wp-content\/uploads\/2021\/05\/646x404-2.jpg?fit=646%2C404&ssl=1","jetpack_publicize_connections":[],"jetpack_sharing_enabled":true,"jetpack_shortlink":"https:\/\/wp.me\/p61naM-jG8","jetpack-related-posts":[],"_links":{"self":[{"href":"https:\/\/realitatearutiera.ro\/index.php?rest_route=\/wp\/v2\/posts\/75648","targetHints":{"allow":["GET"]}}],"collection":[{"href":"https:\/\/realitatearutiera.ro\/index.php?rest_route=\/wp\/v2\/posts"}],"about":[{"href":"https:\/\/realitatearutiera.ro\/index.php?rest_route=\/wp\/v2\/types\/post"}],"author":[{"embeddable":true,"href":"https:\/\/realitatearutiera.ro\/index.php?rest_route=\/wp\/v2\/users\/1"}],"replies":[{"embeddable":true,"href":"https:\/\/realitatearutiera.ro\/index.php?rest_route=%2Fwp%2Fv2%2Fcomments&post=75648"}],"version-history":[{"count":1,"href":"https:\/\/realitatearutiera.ro\/index.php?rest_route=\/wp\/v2\/posts\/75648\/revisions"}],"predecessor-version":[{"id":75651,"href":"https:\/\/realitatearutiera.ro\/index.php?rest_route=\/wp\/v2\/posts\/75648\/revisions\/75651"}],"wp:featuredmedia":[{"embeddable":true,"href":"https:\/\/realitatearutiera.ro\/index.php?rest_route=\/wp\/v2\/media\/75650"}],"wp:attachment":[{"href":"https:\/\/realitatearutiera.ro\/index.php?rest_route=%2Fwp%2Fv2%2Fmedia&parent=75648"}],"wp:term":[{"taxonomy":"category","embeddable":true,"href":"https:\/\/realitatearutiera.ro\/index.php?rest_route=%2Fwp%2Fv2%2Fcategories&post=75648"},{"taxonomy":"post_tag","embeddable":true,"href":"https:\/\/realitatearutiera.ro\/index.php?rest_route=%2Fwp%2Fv2%2Ftags&post=75648"}],"curies":[{"name":"wp","href":"https:\/\/api.w.org\/{rel}","templated":true}]}}