{"id":75868,"date":"2021-05-12T08:19:29","date_gmt":"2021-05-12T05:19:29","guid":{"rendered":"http:\/\/realitatearutiera.ro\/?p=75868"},"modified":"2021-05-12T08:19:34","modified_gmt":"2021-05-12T05:19:34","slug":"situatia-traficului-la-ora-0700-49","status":"publish","type":"post","link":"https:\/\/realitatearutiera.ro\/?p=75868","title":{"rendered":"SITUA\u0162IA TRAFICULUI LA ORA 07:00"},"content":{"rendered":"\n<p>O<strong>ra:\u00a0<\/strong>07:00<\/p>\n\n\n\n<p><strong>Centrul INFOTRAFIC din Inspectoratul General al Poli\u021biei Rom\u00e2ne&nbsp;<\/strong>informeaz\u0103 c\u0103, la aceast\u0103 or\u0103 nu sunt semnalate drumuri na\u021bionale sau autostr\u0103zi cu circula\u021bia \u00eentrerupt\u0103 din cauza vreunui eveniment rutier.<\/p>\n\n\n\n<p>P\u00e2n\u0103 la finalul lunii mai 2021, pe Autostrada A2 Bucure\u0219ti-Constan\u021ba, se desf\u0103\u0219oar\u0103 lucr\u0103ri de repara\u021bii la partea carosabil\u0103 pe tronsonul kilometric 64+700 metri \u2013 71+500 metri (Lehliu Gar\u0103 &#8211; Dor M\u0103runt, jude\u021bul C\u0103l\u0103ra\u0219i). Din acest motiv, traficul este restric\u021bionat pe sensul c\u0103tre Bucure\u0219ti, fiind deviat pe sensul c\u0103tre litoral, unde se circul\u0103 pe c\u00e2te o band\u0103 \u00een ambele direc\u021bii.<\/p>\n\n\n\n<p>Tot pe Autostrada A2 Bucure\u0219ti-Constan\u021ba, \u00eentre kilometrii 155 \u0219i 161 (Podul Cernavod\u0103), din aceea\u0219i cauz\u0103, circula\u021bia este restric\u021bionat\u0103 pe calea 2 (sensul c\u0103tre Bucure\u0219ti), traficul fiind deviat pe calea 1, unde se circul\u0103 pe c\u00e2te o band\u0103, \u00een ambele sensuri.<\/p>\n\n\n\n<p>Din cauza unor lucr\u0103ri de reabilitare a podului peste p\u00e2r\u00e2ul Azuga, pe DN 1 Ploie\u0219ti-Bra\u0219ov, la kilometrul 135+332 de metri, \u00een localitatea Azuga, jude\u021bul Prahova, a fost instituit\u0103 restric\u021bie de circula\u021bie pentru vehiculele cu masa maxim\u0103 autorizat\u0103 mai mare de 7,5 tone. Traficul este deviat pentru aceast\u0103 categorie de vehicule pe DN 1A Ploie\u0219ti-Cheia-S\u0103cele. Lucr\u0103rile sunt preconizate a se desf\u0103\u0219ura p\u00e2n\u0103 la data de 15 decembrie 2021.<\/p>\n\n\n\n<p>Pe DN 28, la kilometrul 6+957 metri, \u00een zona localit\u0103\u021bii \u0218cheia, jude\u021bul Ia\u0219i, pentru efectuarea lucr\u0103rilor de \u00eentre\u021binere la podul peste r\u00e2ul Siret, circula\u021bia vehiculelor cu masa total\u0103 maxim autorizat\u0103 este deviat\u0103 pe rute ocolitoare, iar traficul u\u0219or se desf\u0103\u0219oar\u0103 pe un sens, alternativ, semaforizat.<\/p>\n\n\n\n<p>Conduc\u0103torii auto sunt sf\u0103tui\u021bi s\u0103 respecte semnifica\u021bia semnaliz\u0103rii instituite temporar, circul\u00e2nd cu viteza adaptat\u0103 condi\u021biilor de trafic \u0219i s\u0103 semnalizeze din timp inten\u021bia de schimbare a benzii de circula\u021bie, m\u0103rind distan\u021ba de siguran\u021b\u0103 \u00eentre vehicule.<\/p>\n","protected":false},"excerpt":{"rendered":"<p>Ora:\u00a007:00 Centrul INFOTRAFIC din Inspectoratul General al Poli\u021biei Rom\u00e2ne&nbsp;informeaz\u0103 c\u0103, la aceast\u0103 or\u0103 nu sunt semnalate drumuri na\u021bionale sau autostr\u0103zi<\/p>\n","protected":false},"author":1,"featured_media":38224,"comment_status":"closed","ping_status":"closed","sticky":false,"template":"","format":"standard","meta":{"spay_email":"","footnotes":"","jetpack_publicize_message":""},"categories":[54],"tags":[],"class_list":["post-75868","post","type-post","status-publish","format-standard","has-post-thumbnail","hentry","category-informatii-rutiere"],"jetpack_featured_media_url":"https:\/\/i1.wp.com\/realitatearutiera.ro\/wp-content\/uploads\/2018\/07\/infotrafic.jpg?fit=425%2C425&ssl=1","jetpack_publicize_connections":[],"jetpack_sharing_enabled":true,"jetpack_shortlink":"https:\/\/wp.me\/p61naM-jJG","jetpack-related-posts":[],"_links":{"self":[{"href":"https:\/\/realitatearutiera.ro\/index.php?rest_route=\/wp\/v2\/posts\/75868","targetHints":{"allow":["GET"]}}],"collection":[{"href":"https:\/\/realitatearutiera.ro\/index.php?rest_route=\/wp\/v2\/posts"}],"about":[{"href":"https:\/\/realitatearutiera.ro\/index.php?rest_route=\/wp\/v2\/types\/post"}],"author":[{"embeddable":true,"href":"https:\/\/realitatearutiera.ro\/index.php?rest_route=\/wp\/v2\/users\/1"}],"replies":[{"embeddable":true,"href":"https:\/\/realitatearutiera.ro\/index.php?rest_route=%2Fwp%2Fv2%2Fcomments&post=75868"}],"version-history":[{"count":1,"href":"https:\/\/realitatearutiera.ro\/index.php?rest_route=\/wp\/v2\/posts\/75868\/revisions"}],"predecessor-version":[{"id":75869,"href":"https:\/\/realitatearutiera.ro\/index.php?rest_route=\/wp\/v2\/posts\/75868\/revisions\/75869"}],"wp:featuredmedia":[{"embeddable":true,"href":"https:\/\/realitatearutiera.ro\/index.php?rest_route=\/wp\/v2\/media\/38224"}],"wp:attachment":[{"href":"https:\/\/realitatearutiera.ro\/index.php?rest_route=%2Fwp%2Fv2%2Fmedia&parent=75868"}],"wp:term":[{"taxonomy":"category","embeddable":true,"href":"https:\/\/realitatearutiera.ro\/index.php?rest_route=%2Fwp%2Fv2%2Fcategories&post=75868"},{"taxonomy":"post_tag","embeddable":true,"href":"https:\/\/realitatearutiera.ro\/index.php?rest_route=%2Fwp%2Fv2%2Ftags&post=75868"}],"curies":[{"name":"wp","href":"https:\/\/api.w.org\/{rel}","templated":true}]}}