{"id":76904,"date":"2021-06-16T11:02:55","date_gmt":"2021-06-16T08:02:55","guid":{"rendered":"http:\/\/realitatearutiera.ro\/?p=76904"},"modified":"2021-06-16T11:03:00","modified_gmt":"2021-06-16T08:03:00","slug":"echipa-de-fotbal-a-romaniei","status":"publish","type":"post","link":"https:\/\/realitatearutiera.ro\/?p=76904","title":{"rendered":"Echipa de fotbal a Rom\u00e2niei"},"content":{"rendered":"\n<figure class=\"wp-block-image size-large is-resized\"><img loading=\"lazy\" decoding=\"async\" data-attachment-id=\"76905\" data-permalink=\"https:\/\/realitatearutiera.ro\/?attachment_id=76905\" data-orig-file=\"https:\/\/i0.wp.com\/realitatearutiera.ro\/wp-content\/uploads\/2021\/06\/cbe590cb-8a53-439b-9d43-09d91fc1b9bc.jpg?fit=467%2C572&amp;ssl=1\" data-orig-size=\"467,572\" data-comments-opened=\"0\" data-image-meta=\"{&quot;aperture&quot;:&quot;0&quot;,&quot;credit&quot;:&quot;&quot;,&quot;camera&quot;:&quot;&quot;,&quot;caption&quot;:&quot;&quot;,&quot;created_timestamp&quot;:&quot;0&quot;,&quot;copyright&quot;:&quot;&quot;,&quot;focal_length&quot;:&quot;0&quot;,&quot;iso&quot;:&quot;0&quot;,&quot;shutter_speed&quot;:&quot;0&quot;,&quot;title&quot;:&quot;&quot;,&quot;orientation&quot;:&quot;0&quot;}\" data-image-title=\"cbe590cb-8a53-439b-9d43-09d91fc1b9bc\" data-image-description=\"\" data-medium-file=\"https:\/\/i0.wp.com\/realitatearutiera.ro\/wp-content\/uploads\/2021\/06\/cbe590cb-8a53-439b-9d43-09d91fc1b9bc.jpg?fit=245%2C300&amp;ssl=1\" data-large-file=\"https:\/\/i0.wp.com\/realitatearutiera.ro\/wp-content\/uploads\/2021\/06\/cbe590cb-8a53-439b-9d43-09d91fc1b9bc.jpg?fit=467%2C572&amp;ssl=1\" src=\"https:\/\/i0.wp.com\/realitatearutiera.ro\/wp-content\/uploads\/2021\/06\/cbe590cb-8a53-439b-9d43-09d91fc1b9bc.jpg?resize=606%2C742\" alt=\"\" class=\"wp-image-76905\" width=\"606\" height=\"742\" srcset=\"https:\/\/i0.wp.com\/realitatearutiera.ro\/wp-content\/uploads\/2021\/06\/cbe590cb-8a53-439b-9d43-09d91fc1b9bc.jpg?w=467&amp;ssl=1 467w, https:\/\/i0.wp.com\/realitatearutiera.ro\/wp-content\/uploads\/2021\/06\/cbe590cb-8a53-439b-9d43-09d91fc1b9bc.jpg?resize=245%2C300&amp;ssl=1 245w\" sizes=\"auto, (max-width: 606px) 100vw, 606px\" data-recalc-dims=\"1\" \/><\/figure>\n\n\n\n<figure class=\"wp-block-image size-large is-resized\"><img loading=\"lazy\" decoding=\"async\" data-attachment-id=\"76906\" data-permalink=\"https:\/\/realitatearutiera.ro\/?attachment_id=76906\" data-orig-file=\"https:\/\/i1.wp.com\/realitatearutiera.ro\/wp-content\/uploads\/2021\/06\/cd2fe384-c105-45b7-b72b-7ddb243261f1.jpg?fit=409%2C378&amp;ssl=1\" data-orig-size=\"409,378\" data-comments-opened=\"0\" data-image-meta=\"{&quot;aperture&quot;:&quot;0&quot;,&quot;credit&quot;:&quot;&quot;,&quot;camera&quot;:&quot;&quot;,&quot;caption&quot;:&quot;&quot;,&quot;created_timestamp&quot;:&quot;0&quot;,&quot;copyright&quot;:&quot;&quot;,&quot;focal_length&quot;:&quot;0&quot;,&quot;iso&quot;:&quot;0&quot;,&quot;shutter_speed&quot;:&quot;0&quot;,&quot;title&quot;:&quot;&quot;,&quot;orientation&quot;:&quot;0&quot;}\" data-image-title=\"cd2fe384-c105-45b7-b72b-7ddb243261f1\" data-image-description=\"\" data-medium-file=\"https:\/\/i1.wp.com\/realitatearutiera.ro\/wp-content\/uploads\/2021\/06\/cd2fe384-c105-45b7-b72b-7ddb243261f1.jpg?fit=300%2C277&amp;ssl=1\" data-large-file=\"https:\/\/i1.wp.com\/realitatearutiera.ro\/wp-content\/uploads\/2021\/06\/cd2fe384-c105-45b7-b72b-7ddb243261f1.jpg?fit=409%2C378&amp;ssl=1\" src=\"https:\/\/i1.wp.com\/realitatearutiera.ro\/wp-content\/uploads\/2021\/06\/cd2fe384-c105-45b7-b72b-7ddb243261f1.jpg?resize=543%2C501\" alt=\"\" class=\"wp-image-76906\" width=\"543\" height=\"501\" srcset=\"https:\/\/i1.wp.com\/realitatearutiera.ro\/wp-content\/uploads\/2021\/06\/cd2fe384-c105-45b7-b72b-7ddb243261f1.jpg?w=409&amp;ssl=1 409w, https:\/\/i1.wp.com\/realitatearutiera.ro\/wp-content\/uploads\/2021\/06\/cd2fe384-c105-45b7-b72b-7ddb243261f1.jpg?resize=300%2C277&amp;ssl=1 300w\" sizes=\"auto, (max-width: 543px) 100vw, 543px\" data-recalc-dims=\"1\" \/><\/figure>\n\n\n\n<figure class=\"wp-block-image size-large\"><img loading=\"lazy\" decoding=\"async\" width=\"720\" height=\"672\" data-attachment-id=\"76908\" data-permalink=\"https:\/\/realitatearutiera.ro\/?attachment_id=76908\" data-orig-file=\"https:\/\/i0.wp.com\/realitatearutiera.ro\/wp-content\/uploads\/2021\/06\/d535977c-c28a-4158-a483-3d711a2ec074-1.jpg?fit=720%2C672&amp;ssl=1\" data-orig-size=\"720,672\" data-comments-opened=\"0\" data-image-meta=\"{&quot;aperture&quot;:&quot;0&quot;,&quot;credit&quot;:&quot;&quot;,&quot;camera&quot;:&quot;&quot;,&quot;caption&quot;:&quot;&quot;,&quot;created_timestamp&quot;:&quot;0&quot;,&quot;copyright&quot;:&quot;&quot;,&quot;focal_length&quot;:&quot;0&quot;,&quot;iso&quot;:&quot;0&quot;,&quot;shutter_speed&quot;:&quot;0&quot;,&quot;title&quot;:&quot;&quot;,&quot;orientation&quot;:&quot;0&quot;}\" data-image-title=\"d535977c-c28a-4158-a483-3d711a2ec074-1\" data-image-description=\"\" data-medium-file=\"https:\/\/i0.wp.com\/realitatearutiera.ro\/wp-content\/uploads\/2021\/06\/d535977c-c28a-4158-a483-3d711a2ec074-1.jpg?fit=300%2C280&amp;ssl=1\" data-large-file=\"https:\/\/i0.wp.com\/realitatearutiera.ro\/wp-content\/uploads\/2021\/06\/d535977c-c28a-4158-a483-3d711a2ec074-1.jpg?fit=720%2C672&amp;ssl=1\" src=\"https:\/\/i0.wp.com\/realitatearutiera.ro\/wp-content\/uploads\/2021\/06\/d535977c-c28a-4158-a483-3d711a2ec074-1.jpg?resize=720%2C672\" alt=\"\" class=\"wp-image-76908\" srcset=\"https:\/\/i0.wp.com\/realitatearutiera.ro\/wp-content\/uploads\/2021\/06\/d535977c-c28a-4158-a483-3d711a2ec074-1.jpg?w=720&amp;ssl=1 720w, https:\/\/i0.wp.com\/realitatearutiera.ro\/wp-content\/uploads\/2021\/06\/d535977c-c28a-4158-a483-3d711a2ec074-1.jpg?resize=300%2C280&amp;ssl=1 300w\" sizes=\"auto, (max-width: 720px) 100vw, 720px\" data-recalc-dims=\"1\" \/><\/figure>\n\n\n\n<p>Sursa:whatsApp<\/p>\n\n\n\n<h2 class=\"wp-block-heading\">Dup\u0103 un oribil accident de autocar \u00eentrega echip\u0103 de fotbal a Rom\u00e2niei ajunge \u00een fa\u0163a por\u0163ii Raiului.<br>\u2013 Doamne, zice Sf\u00e2ntul Petru, eu zic s\u0103-i primim pe to\u0163i.<br>\u2013 Cred c\u0103 glume\u015fti, i-am auzit mereu \u00eenjur\u00e2nd.<br>\u2013 Au \u00eenjurat, Doamne, dar nu au b\u0103tut pe nimeni!<\/h2>\n\n\n\n<p><strong>Ironia lui Gabi Balint<\/strong><\/p>\n\n\n\n<p>Fostul c\u00e2\u0219tig\u0103tor al Cupei Campionilor Europeni a v\u0103zut imaginile cu Gic\u0103 Hagi \u0219i Gic\u0103 Popescu la tribuna a doua, \u00een timp ce politicienii au stat \u00een sectorul VIP. Balint nu s-a putut ab\u021bine \u0219i a postat o poz\u0103 cu el \u0219i Hagi, de pe vremea c\u00e2nd cei doi evoluau pentru echipa na\u021bional\u0103.<\/p>\n\n\n\n<h2 class=\"wp-block-heading\">Ironia lui Gabi Balint, dup\u0103 ce legendele fotbalului au fost umilite<\/h2>\n\n\n\n<p><strong>\u201dCe, m\u0103, vrei statui? Stai bl\u00e2nd c\u0103 nu prindem loc nici la tribuna 1\u201d,<\/strong>&nbsp;este mesajul pe care Balint i-l adreseaz\u0103, \u00een glum\u0103, lui Hagi.<\/p>\n\n\n\n<p>Dorinel Munteanu se num\u0103r\u0103 \u0219i el printre cei trimi\u0219i la tribuna a doua la acest meci. \u201dNeam\u021bul\u201d spune c\u0103 a fost dezam\u0103git c\u0103 a fost repartizat la tribuna a doua, dar c\u0103, totu\u0219i, din pasiune pentru fotbal, a ales s\u0103 mearg\u0103 la meci.<\/p>\n\n\n\n<p><strong>\u201dPentru mine a fost o surpriz\u0103 foarte mare c\u0103 am primit un loc la tribuna a doua. Ce s\u0103 spun? Nu am cuvinte. Din p\u0103cate, am fost repartizat \u00een acea zon\u0103. Chiar l-am sunat pe Gic\u0103 Popescu \u0219i l-am \u00eentrebat unde are bilet. Mi-a zis c\u0103 la tribuna a doua.<\/strong><\/p>\n\n\n\n<p><strong>La un asemenea eveniment&#8230; ce s\u0103 facem.. Am zis c\u0103 m\u0103 duc pentru fotbal. Pentru mine nu \u00eenseamn\u0103 nimic un loc pe fotoliu sau la VIP. Ce s\u0103 spun, a\u0219a am fost repartizat, tratat. M\u0103 doare sufletul, dar ce s\u0103 facem\u201d<\/strong>, a declarat Dorinel Munteanu.<\/p>\n\n\n\n<p>Sursa:digisport<\/p>\n\n\n\n<p><\/p>\n","protected":false},"excerpt":{"rendered":"<p>Sursa:whatsApp Dup\u0103 un oribil accident de autocar \u00eentrega echip\u0103 de fotbal a Rom\u00e2niei ajunge \u00een fa\u0163a por\u0163ii Raiului.\u2013 Doamne, zice<\/p>\n","protected":false},"author":1,"featured_media":76910,"comment_status":"closed","ping_status":"closed","sticky":false,"template":"","format":"standard","meta":{"spay_email":"","footnotes":"","jetpack_publicize_message":""},"categories":[83],"tags":[],"class_list":["post-76904","post","type-post","status-publish","format-standard","has-post-thumbnail","hentry","category-rubrica-de-umor"],"jetpack_featured_media_url":"https:\/\/i1.wp.com\/realitatearutiera.ro\/wp-content\/uploads\/2021\/06\/d7049656d3d0d2d4de667b9009544c8d.jpg?fit=468%2C551&ssl=1","jetpack_publicize_connections":[],"jetpack_sharing_enabled":true,"jetpack_shortlink":"https:\/\/wp.me\/p61naM-k0o","jetpack-related-posts":[],"_links":{"self":[{"href":"https:\/\/realitatearutiera.ro\/index.php?rest_route=\/wp\/v2\/posts\/76904","targetHints":{"allow":["GET"]}}],"collection":[{"href":"https:\/\/realitatearutiera.ro\/index.php?rest_route=\/wp\/v2\/posts"}],"about":[{"href":"https:\/\/realitatearutiera.ro\/index.php?rest_route=\/wp\/v2\/types\/post"}],"author":[{"embeddable":true,"href":"https:\/\/realitatearutiera.ro\/index.php?rest_route=\/wp\/v2\/users\/1"}],"replies":[{"embeddable":true,"href":"https:\/\/realitatearutiera.ro\/index.php?rest_route=%2Fwp%2Fv2%2Fcomments&post=76904"}],"version-history":[{"count":1,"href":"https:\/\/realitatearutiera.ro\/index.php?rest_route=\/wp\/v2\/posts\/76904\/revisions"}],"predecessor-version":[{"id":76911,"href":"https:\/\/realitatearutiera.ro\/index.php?rest_route=\/wp\/v2\/posts\/76904\/revisions\/76911"}],"wp:featuredmedia":[{"embeddable":true,"href":"https:\/\/realitatearutiera.ro\/index.php?rest_route=\/wp\/v2\/media\/76910"}],"wp:attachment":[{"href":"https:\/\/realitatearutiera.ro\/index.php?rest_route=%2Fwp%2Fv2%2Fmedia&parent=76904"}],"wp:term":[{"taxonomy":"category","embeddable":true,"href":"https:\/\/realitatearutiera.ro\/index.php?rest_route=%2Fwp%2Fv2%2Fcategories&post=76904"},{"taxonomy":"post_tag","embeddable":true,"href":"https:\/\/realitatearutiera.ro\/index.php?rest_route=%2Fwp%2Fv2%2Ftags&post=76904"}],"curies":[{"name":"wp","href":"https:\/\/api.w.org\/{rel}","templated":true}]}}