{"id":76917,"date":"2021-06-17T08:22:00","date_gmt":"2021-06-17T05:22:00","guid":{"rendered":"http:\/\/realitatearutiera.ro\/?p=76917"},"modified":"2021-06-17T08:22:07","modified_gmt":"2021-06-17T05:22:07","slug":"judetul-timis-trafic-deviat-pe-dn-59-din-cauza-unui-eveniment-rutier","status":"publish","type":"post","link":"https:\/\/realitatearutiera.ro\/?p=76917","title":{"rendered":"JUDE\u021aUL TIMI\u0218: TRAFIC DEVIAT PE DN 59, DIN CAUZA UNUI EVENIMENT RUTIER"},"content":{"rendered":"\n<p>Ce<strong>ntrul INFOTRAFIC din Inspectoratul General al Poli\u021biei Rom\u00e2ne\u00a0<\/strong>informeaz\u0103 c\u0103, pe DN 59 Timi\u0219oara \u2013 Deta, \u00een zona localit\u0103\u021bii \u0218ag, jude\u021bul Timi\u0219, o autoutilitar\u0103 s-a r\u0103sturnat pe carobil, f\u0103r\u0103 a rezulta victime. Circula\u021bia este oprit\u0103 pe DN 59, fiind deviat traficul pe DJ 593, prin localitatea Par\u021ba, jude\u021bul Timi\u0219, pentru aproximativ 60 de minute.<\/p>\n","protected":false},"excerpt":{"rendered":"<p>Centrul INFOTRAFIC din Inspectoratul General al Poli\u021biei Rom\u00e2ne\u00a0informeaz\u0103 c\u0103, pe DN 59 Timi\u0219oara \u2013 Deta, \u00een zona localit\u0103\u021bii \u0218ag, jude\u021bul<\/p>\n","protected":false},"author":1,"featured_media":74372,"comment_status":"closed","ping_status":"closed","sticky":false,"template":"","format":"standard","meta":{"spay_email":"","footnotes":"","jetpack_publicize_message":""},"categories":[54],"tags":[],"class_list":["post-76917","post","type-post","status-publish","format-standard","has-post-thumbnail","hentry","category-informatii-rutiere"],"jetpack_featured_media_url":"https:\/\/i2.wp.com\/realitatearutiera.ro\/wp-content\/uploads\/2021\/03\/infotrafic-e1561614370677.png?fit=350%2C200&ssl=1","jetpack_publicize_connections":[],"jetpack_sharing_enabled":true,"jetpack_shortlink":"https:\/\/wp.me\/p61naM-k0B","jetpack-related-posts":[],"_links":{"self":[{"href":"https:\/\/realitatearutiera.ro\/index.php?rest_route=\/wp\/v2\/posts\/76917","targetHints":{"allow":["GET"]}}],"collection":[{"href":"https:\/\/realitatearutiera.ro\/index.php?rest_route=\/wp\/v2\/posts"}],"about":[{"href":"https:\/\/realitatearutiera.ro\/index.php?rest_route=\/wp\/v2\/types\/post"}],"author":[{"embeddable":true,"href":"https:\/\/realitatearutiera.ro\/index.php?rest_route=\/wp\/v2\/users\/1"}],"replies":[{"embeddable":true,"href":"https:\/\/realitatearutiera.ro\/index.php?rest_route=%2Fwp%2Fv2%2Fcomments&post=76917"}],"version-history":[{"count":1,"href":"https:\/\/realitatearutiera.ro\/index.php?rest_route=\/wp\/v2\/posts\/76917\/revisions"}],"predecessor-version":[{"id":76918,"href":"https:\/\/realitatearutiera.ro\/index.php?rest_route=\/wp\/v2\/posts\/76917\/revisions\/76918"}],"wp:featuredmedia":[{"embeddable":true,"href":"https:\/\/realitatearutiera.ro\/index.php?rest_route=\/wp\/v2\/media\/74372"}],"wp:attachment":[{"href":"https:\/\/realitatearutiera.ro\/index.php?rest_route=%2Fwp%2Fv2%2Fmedia&parent=76917"}],"wp:term":[{"taxonomy":"category","embeddable":true,"href":"https:\/\/realitatearutiera.ro\/index.php?rest_route=%2Fwp%2Fv2%2Fcategories&post=76917"},{"taxonomy":"post_tag","embeddable":true,"href":"https:\/\/realitatearutiera.ro\/index.php?rest_route=%2Fwp%2Fv2%2Ftags&post=76917"}],"curies":[{"name":"wp","href":"https:\/\/api.w.org\/{rel}","templated":true}]}}