{"id":77075,"date":"2021-06-23T08:47:58","date_gmt":"2021-06-23T05:47:58","guid":{"rendered":"http:\/\/realitatearutiera.ro\/?p=77075"},"modified":"2021-06-23T08:48:05","modified_gmt":"2021-06-23T05:48:05","slug":"accident-grav-in-judetul-bistrita-nasaud-2","status":"publish","type":"post","link":"https:\/\/realitatearutiera.ro\/?p=77075","title":{"rendered":"Accident grav \u00een jude\u021bul Bistri\u021ba-N\u0103s\u0103ud"},"content":{"rendered":"\n<p>Un t\u00e2n\u0103r de 28 de ani a ajuns \u00een stare grav\u0103, intubat, la spital, dup\u0103 ce a intrat cu ma\u0219ina pe care o conducea \u00eentr-un st\u00e2lp de electricitate.<\/p>\n\n\n\n<p>Impactul a fost at\u00e2t de violent, \u00eenc\u00e2t victima a fost proiectat\u0103 din autoturism chiar sub st\u00e2lpul care a picat pe carosabil. Circula\u021bia a fost blocat\u0103 timp de mai bine de o or\u0103.<\/p>\n\n\n\n<p>Poli\u021bi\u0219tii au \u00eenceput deja cercet\u0103rile pentru a vedea din ce cauz\u0103 s-a produs accidentul, iar pentru c\u0103 era incon\u0219tient, \u0219oferul nu a putut fi verificat cu aparatul etilotest.<\/p>\n\n\n\n<p>Sursa:stirileprotv<\/p>\n","protected":false},"excerpt":{"rendered":"<p>Un t\u00e2n\u0103r de 28 de ani a ajuns \u00een stare grav\u0103, intubat, la spital, dup\u0103 ce a intrat cu ma\u0219ina<\/p>\n","protected":false},"author":1,"featured_media":72346,"comment_status":"closed","ping_status":"closed","sticky":false,"template":"","format":"standard","meta":{"spay_email":"","footnotes":"","jetpack_publicize_message":""},"categories":[1],"tags":[],"class_list":["post-77075","post","type-post","status-publish","format-standard","has-post-thumbnail","hentry","category-uncategorized"],"jetpack_featured_media_url":"https:\/\/i2.wp.com\/realitatearutiera.ro\/wp-content\/uploads\/2021\/01\/accident_68411200.jpg?fit=1280%2C720&ssl=1","jetpack_publicize_connections":[],"jetpack_sharing_enabled":true,"jetpack_shortlink":"https:\/\/wp.me\/p61naM-k39","jetpack-related-posts":[],"_links":{"self":[{"href":"https:\/\/realitatearutiera.ro\/index.php?rest_route=\/wp\/v2\/posts\/77075","targetHints":{"allow":["GET"]}}],"collection":[{"href":"https:\/\/realitatearutiera.ro\/index.php?rest_route=\/wp\/v2\/posts"}],"about":[{"href":"https:\/\/realitatearutiera.ro\/index.php?rest_route=\/wp\/v2\/types\/post"}],"author":[{"embeddable":true,"href":"https:\/\/realitatearutiera.ro\/index.php?rest_route=\/wp\/v2\/users\/1"}],"replies":[{"embeddable":true,"href":"https:\/\/realitatearutiera.ro\/index.php?rest_route=%2Fwp%2Fv2%2Fcomments&post=77075"}],"version-history":[{"count":1,"href":"https:\/\/realitatearutiera.ro\/index.php?rest_route=\/wp\/v2\/posts\/77075\/revisions"}],"predecessor-version":[{"id":77076,"href":"https:\/\/realitatearutiera.ro\/index.php?rest_route=\/wp\/v2\/posts\/77075\/revisions\/77076"}],"wp:featuredmedia":[{"embeddable":true,"href":"https:\/\/realitatearutiera.ro\/index.php?rest_route=\/wp\/v2\/media\/72346"}],"wp:attachment":[{"href":"https:\/\/realitatearutiera.ro\/index.php?rest_route=%2Fwp%2Fv2%2Fmedia&parent=77075"}],"wp:term":[{"taxonomy":"category","embeddable":true,"href":"https:\/\/realitatearutiera.ro\/index.php?rest_route=%2Fwp%2Fv2%2Fcategories&post=77075"},{"taxonomy":"post_tag","embeddable":true,"href":"https:\/\/realitatearutiera.ro\/index.php?rest_route=%2Fwp%2Fv2%2Ftags&post=77075"}],"curies":[{"name":"wp","href":"https:\/\/api.w.org\/{rel}","templated":true}]}}