{"id":77103,"date":"2021-06-23T11:03:55","date_gmt":"2021-06-23T08:03:55","guid":{"rendered":"http:\/\/realitatearutiera.ro\/?p=77103"},"modified":"2021-06-23T11:04:02","modified_gmt":"2021-06-23T08:04:02","slug":"adolescenta-lovita-pe-trecerea-de-pietoni","status":"publish","type":"post","link":"https:\/\/realitatearutiera.ro\/?p=77103","title":{"rendered":"Adolescent\u0103 lovit\u0103 pe trecerea de pietoni"},"content":{"rendered":"\n<p>\u00cen ziua de 17 iunie 2021, eleva L.L. a trecut prin clipe de GROAZ\u0102 \u0219i a v\u0103zut moartea cu ochii. <\/p>\n\n\n\n<p>Copila se \u00eendrepta spre un parc, din apropierea locuin\u021bei. \u00cen timp ce traversa strada, a fost lovit\u0103 de un autobuz al Transportului Public. Fata a suferit mai multe traumatisme \u0219i a fost transportat\u0103 \u00een stare critic\u0103 la spital.<\/p>\n\n\n\n<p>Familia trece greu peste aceasta\u0103 \u00eencercare. Medicii sunt rezerva\u021bi \u00een evolu\u021bia st\u0103rii de s\u0103n\u0103tate a copilei.<\/p>\n\n\n\n<p>Dup\u0103 mai multe zile de spitalizare, investiga\u021bii \u0219i tratamente, se pare c\u0103 fata d\u0103 semne de \u00eembun\u0103t\u0103\u021bire a situa\u021biei \u0219i to\u021bi sper\u0103 s\u0103-si revin\u0103 . Nu se \u0219tie ce urm\u0103ri va avea accidentul asupra st\u0103rii de s\u0103n\u0103tate sau asupra psihicului, dar to\u021bi sunt \u00eencrez\u0103tori c\u0103 totul se va sf\u00e2r\u0219i cu bine. <\/p>\n\n\n\n<p>\u0218oferul a motivat\u00a0c\u0103 mai multe ma\u0219ini parcate obturau vizibilitatea spre trecerea de pietoni.\u00a0A observat-o pe fat\u0103 \u00een ultimul moment, a fr\u00e2nat brusc, dar nu a reu\u0219it s\u0103 o evite.<\/p>\n\n\n\n<p>Trist este faptul c\u0103, acesta consumase b\u0103uturi alcoolice. <strong>\u00a0<\/strong>Poli\u021bi\u0219tii au constatat c\u0103 \u0219oferul avea o alcoolemie de 0,17 la mie \u00een aerul expirat.<\/p>\n\n\n\n<p>Ne \u00eentreb\u0103m: cum este posibil ca un conduc\u0103tor auto s\u0103 comit\u0103 asemenea  acte reprobabile. Chiar dac\u0103 pe pe durata verific\u0103rilor, \u0219oferul nu va mai avea dreptul s\u0103 transporte c\u0103l\u0103tori, oare e normal ca s\u0103 revin\u0103 pe mijloace de transport pentru persoane? De ce \u0219oferii nu sunt testa\u021bi, prin sondaj, pe timpul programului de munc\u0103?<\/p>\n\n\n\n<p> E greu de crezut c\u0103 nu se va mai urca b\u0103ut la volan. <\/p>\n\n\n\n<p>Credem c\u0103 proverbul\u201d <strong>Lupul \u00ee\u0219i schimb\u0103 p\u0103rul,dar n\u0103ravul ba&#8221;<\/strong> este valabil \u0219i \u00een acest caz.<\/p>\n\n\n\n<p>Ceea ce este de dorit momentan, este ca adolescenta s\u0103 se recupereze \u00een cel mai scurt timp, s\u0103 revin\u0103 la o via\u021b\u0103 normal\u0103 \u0219i s\u0103 poat\u0103 trece peste traumele suferite.<\/p>\n\n\n\n<p><\/p>\n","protected":false},"excerpt":{"rendered":"<p>\u00cen ziua de 17 iunie 2021, eleva L.L. a trecut prin clipe de GROAZ\u0102 \u0219i a v\u0103zut moartea cu ochii.<\/p>\n","protected":false},"author":1,"featured_media":47625,"comment_status":"closed","ping_status":"closed","sticky":false,"template":"","format":"standard","meta":{"spay_email":"","footnotes":"","jetpack_publicize_message":""},"categories":[6],"tags":[],"class_list":["post-77103","post","type-post","status-publish","format-standard","has-post-thumbnail","hentry","category-social"],"jetpack_featured_media_url":"https:\/\/i1.wp.com\/realitatearutiera.ro\/wp-content\/uploads\/2019\/03\/patru-adolescente-lovite-pe-o-trecere-de-pietoni-din-pitesti-519351.jpg?fit=620%2C348&ssl=1","jetpack_publicize_connections":[],"jetpack_sharing_enabled":true,"jetpack_shortlink":"https:\/\/wp.me\/p61naM-k3B","jetpack-related-posts":[],"_links":{"self":[{"href":"https:\/\/realitatearutiera.ro\/index.php?rest_route=\/wp\/v2\/posts\/77103","targetHints":{"allow":["GET"]}}],"collection":[{"href":"https:\/\/realitatearutiera.ro\/index.php?rest_route=\/wp\/v2\/posts"}],"about":[{"href":"https:\/\/realitatearutiera.ro\/index.php?rest_route=\/wp\/v2\/types\/post"}],"author":[{"embeddable":true,"href":"https:\/\/realitatearutiera.ro\/index.php?rest_route=\/wp\/v2\/users\/1"}],"replies":[{"embeddable":true,"href":"https:\/\/realitatearutiera.ro\/index.php?rest_route=%2Fwp%2Fv2%2Fcomments&post=77103"}],"version-history":[{"count":1,"href":"https:\/\/realitatearutiera.ro\/index.php?rest_route=\/wp\/v2\/posts\/77103\/revisions"}],"predecessor-version":[{"id":77104,"href":"https:\/\/realitatearutiera.ro\/index.php?rest_route=\/wp\/v2\/posts\/77103\/revisions\/77104"}],"wp:featuredmedia":[{"embeddable":true,"href":"https:\/\/realitatearutiera.ro\/index.php?rest_route=\/wp\/v2\/media\/47625"}],"wp:attachment":[{"href":"https:\/\/realitatearutiera.ro\/index.php?rest_route=%2Fwp%2Fv2%2Fmedia&parent=77103"}],"wp:term":[{"taxonomy":"category","embeddable":true,"href":"https:\/\/realitatearutiera.ro\/index.php?rest_route=%2Fwp%2Fv2%2Fcategories&post=77103"},{"taxonomy":"post_tag","embeddable":true,"href":"https:\/\/realitatearutiera.ro\/index.php?rest_route=%2Fwp%2Fv2%2Ftags&post=77103"}],"curies":[{"name":"wp","href":"https:\/\/api.w.org\/{rel}","templated":true}]}}