{"id":77267,"date":"2021-06-29T08:32:18","date_gmt":"2021-06-29T05:32:18","guid":{"rendered":"http:\/\/realitatearutiera.ro\/?p=77267"},"modified":"2021-06-29T08:32:25","modified_gmt":"2021-06-29T05:32:25","slug":"judetul-valcea-restrictii-de-circulatie-pe-dn-7-si-dn-64-2","status":"publish","type":"post","link":"https:\/\/realitatearutiera.ro\/?p=77267","title":{"rendered":"JUDE\u021aUL V\u00c2LCEA: RESTRIC\u021aII DE CIRCULA\u021aIE PE DN 7 \u0219i DN 64"},"content":{"rendered":"\n<p><strong>Ora:&nbsp;<\/strong>07:30<\/p>\n\n\n\n<p><strong>Centrul INFOTRAFIC din Inspectoratul General al Poli\u021biei Rom\u00e2ne&nbsp;<\/strong>informeaz\u0103 c\u0103, ast\u0103zi, 29 iunie, \u00een func\u021bie de condi\u021biile meteorologice, pe &nbsp;DN 7 Pite\u0219ti-Sibiu \u0219i DN 64 Slatina &#8211; R\u00e2mnicu V\u00e2lcea, traficul se desf\u0103\u0219oar\u0103 restric\u021bionat, dup\u0103 cum urmeaz\u0103:&nbsp;<\/p>\n\n\n\n<p>&#8211; DN 7, km. 181 \u2013 183, pe raza localit\u0103\u021bii Bujoreni, se execut\u0103 lucr\u0103ri de asfaltare, p\u00e2n\u0103 la ora 15:30. Circula\u021bia rutier\u0103 se desf\u0103\u0219oar\u0103 pe jum\u0103tate din cale, dirijat\u0103 de pilo\u021bi de circula\u021bie;&nbsp; &nbsp; &nbsp; &nbsp; &nbsp; &nbsp; &nbsp; &nbsp; &nbsp; &nbsp; &nbsp;&nbsp;<\/p>\n\n\n\n<p>&nbsp;&nbsp; &#8211; DN 64, km. 66+605 metri &#8211; 92+400 de metri, pe raza localit\u0103\u021bilor C\u0103lina \u0219i B\u0103beni, se traseaz\u0103 marcaje axiale \u0219i laterale, \u00eentre orele 07:00 -18:00. Circula\u021bia rutier\u0103 se desf\u0103\u0219oar\u0103 \u00eengreunat pe ambele sensuri de mers.<\/p>\n\n\n\n<p>&nbsp;&nbsp; &#8211; DN 64, km. 112+700 de metri \u2013 115+480 de metri, pe raza localit\u0103\u021bilor Troian \u0219i R\u00e2mnicu V\u00e2lcea, se execut\u0103 lucr\u0103ri de frezare \u0219i asfaltare a p\u0103r\u021bii carosabile, p\u00e2n\u0103 la ora 18:00. Circula\u021bia rutier\u0103 se desf\u0103\u0219oar\u0103 pe 3 din cele 4 benzi, dirijat\u0103 de indicatoare rutiere.<\/p>\n\n\n\n<p><strong><em>Conduc\u0103torii auto sunt sf\u0103tui\u021bi s\u0103 adapteze viteza tuturor condi\u021biilor de trafic \u0219i de drum.<\/em><\/strong><\/p>\n","protected":false},"excerpt":{"rendered":"<p>Ora:&nbsp;07:30 Centrul INFOTRAFIC din Inspectoratul General al Poli\u021biei Rom\u00e2ne&nbsp;informeaz\u0103 c\u0103, ast\u0103zi, 29 iunie, \u00een func\u021bie de condi\u021biile meteorologice, pe &nbsp;DN<\/p>\n","protected":false},"author":1,"featured_media":77268,"comment_status":"closed","ping_status":"closed","sticky":false,"template":"","format":"standard","meta":{"spay_email":"","footnotes":"","jetpack_publicize_message":""},"categories":[54],"tags":[],"class_list":["post-77267","post","type-post","status-publish","format-standard","has-post-thumbnail","hentry","category-informatii-rutiere"],"jetpack_featured_media_url":"https:\/\/i2.wp.com\/realitatearutiera.ro\/wp-content\/uploads\/2021\/06\/27f7eea2-76d4-477c-83c7-c8c804f6690b.jpg?fit=1200%2C1600&ssl=1","jetpack_publicize_connections":[],"jetpack_sharing_enabled":true,"jetpack_shortlink":"https:\/\/wp.me\/p61naM-k6f","jetpack-related-posts":[],"_links":{"self":[{"href":"https:\/\/realitatearutiera.ro\/index.php?rest_route=\/wp\/v2\/posts\/77267","targetHints":{"allow":["GET"]}}],"collection":[{"href":"https:\/\/realitatearutiera.ro\/index.php?rest_route=\/wp\/v2\/posts"}],"about":[{"href":"https:\/\/realitatearutiera.ro\/index.php?rest_route=\/wp\/v2\/types\/post"}],"author":[{"embeddable":true,"href":"https:\/\/realitatearutiera.ro\/index.php?rest_route=\/wp\/v2\/users\/1"}],"replies":[{"embeddable":true,"href":"https:\/\/realitatearutiera.ro\/index.php?rest_route=%2Fwp%2Fv2%2Fcomments&post=77267"}],"version-history":[{"count":1,"href":"https:\/\/realitatearutiera.ro\/index.php?rest_route=\/wp\/v2\/posts\/77267\/revisions"}],"predecessor-version":[{"id":77269,"href":"https:\/\/realitatearutiera.ro\/index.php?rest_route=\/wp\/v2\/posts\/77267\/revisions\/77269"}],"wp:featuredmedia":[{"embeddable":true,"href":"https:\/\/realitatearutiera.ro\/index.php?rest_route=\/wp\/v2\/media\/77268"}],"wp:attachment":[{"href":"https:\/\/realitatearutiera.ro\/index.php?rest_route=%2Fwp%2Fv2%2Fmedia&parent=77267"}],"wp:term":[{"taxonomy":"category","embeddable":true,"href":"https:\/\/realitatearutiera.ro\/index.php?rest_route=%2Fwp%2Fv2%2Fcategories&post=77267"},{"taxonomy":"post_tag","embeddable":true,"href":"https:\/\/realitatearutiera.ro\/index.php?rest_route=%2Fwp%2Fv2%2Ftags&post=77267"}],"curies":[{"name":"wp","href":"https:\/\/api.w.org\/{rel}","templated":true}]}}