{"id":77334,"date":"2021-06-30T08:49:04","date_gmt":"2021-06-30T05:49:04","guid":{"rendered":"http:\/\/realitatearutiera.ro\/?p=77334"},"modified":"2021-06-30T08:49:09","modified_gmt":"2021-06-30T05:49:09","slug":"canicula-loveste-romania-din-plin-astazi","status":"publish","type":"post","link":"https:\/\/realitatearutiera.ro\/?p=77334","title":{"rendered":"Canicula love\u0219te Rom\u00e2nia din plin, ast\u0103zi"},"content":{"rendered":"\n<p>In capitala, vremea va deveni canicular\u0103, iar indicele temperatur\u0103-umezeal\u0103 (ITU) va dep\u0103\u015fi pragul critic de 80 de unit\u0103\u0163i al disconfortului termic. Cerul va fi variabil, iar v\u00e2ntul va sufla slab p\u00e2n\u0103 la moderat. Spre sear\u0103 va cre\u015fte probabilitatea pentru averse, desc\u0103rc\u0103ri electrice \u015fi intensific\u0103ri de scurt\u0103 durat\u0103 ale v\u00e2ntului. Temperatura maxim\u0103 va fi de 35&#8230;36 de grade.***<\/p>\n\n\n\n<p>La munte, vremea va fi cald\u0103, local c\u0103lduroas\u0103, dar \u015fi \u00een general instabil\u0103. Cerul va fi variabil, dar dup\u0103 orele pr\u00e2nzului vor fi perioade \u00een care local se vor semnala averse \u015fi desc\u0103rc\u0103ri electrice. Ploile vor avea \u015fi caracter toren\u0163ial, vor fi \u00eenso\u0163ite de vijelii \u015fi izolat de grindin\u0103, iar \u00een intervale scurte de timp cantit\u0103\u0163ile de ap\u0103 vor dep\u0103\u015fi 20&#8230;40 l\/mp. Valorile termice diurne vor continua s\u0103 creasc\u0103 u\u015for.***<\/p>\n\n\n\n<p>La mare, vremea va fi \u00een general frumoasa. Cerul va fi variabil la senin, iar v\u00e2ntul va sufla slab \u015fi moderat, cu intensific\u0103ri moderate, mai ales \u00een timpul zilei. Temperaturile maxime se vor \u00eencadra \u00eentre 26 \u015fi 29 de grade, iar cele minime \u00eentre 20 \u015fi 22 de grade. Temperatura apei m\u0103rii va avea valori de 23&#8230;.25 de grade.&nbsp;<\/p>\n\n\n\n<p>Astazi, vremea va fi c\u0103lduroas\u0103, chiar canicular\u0103 \u00een regiunile vestice \u015fi sudice. Disconfortul termic se va accentua \u00een cea mai mare parte a \u0163\u0103rii, iar indicele temperatur\u0103-umezeal\u0103 (ITU) va dep\u0103\u015fi pragul critic de 80 de unit\u0103\u0163i \u00een Cri\u015fana, Banat, Oltenia, Muntenia, sud-vestul Transilvaniei, vestul Maramure\u015fului \u015fi sudul Moldovei. Cerul va fi variabil, dar dup\u0103 orele pr\u00e2nzului vor fi perioade cu averse \u015fi desc\u0103rc\u0103ri electrice, local \u00een zonele de deal \u015fi munte \u015fi pe arii mai restr\u00e2nse \u00een rest. Ploile vor avea \u015fi caracter toren\u0163ial, vor fi \u00eenso\u0163ite de vijelii \u015fi izolat de grindin\u0103, iar \u00een intervale scurte de timp cantit\u0103\u0163ile de ap\u0103 vor dep\u0103\u015fi 20&#8230;40 l\/mp. Temperaturile maxime se vor \u00eencadra, \u00een general, \u00eentre 27 \u015fi 38 de grade, cu cele mai ridicate valori \u00een sud-vest.***<\/p>\n\n\n\n<p>In capitala, vremea va deveni canicular\u0103, iar indicele temperatur\u0103-umezeal\u0103 (ITU) va dep\u0103\u015fi pragul critic de 80 de unit\u0103\u0163i al disconfortului termic. Cerul va fi variabil, iar v\u00e2ntul va sufla slab p\u00e2n\u0103 la moderat. Spre sear\u0103 va cre\u015fte probabilitatea pentru averse, desc\u0103rc\u0103ri electrice \u015fi intensific\u0103ri de scurt\u0103 durat\u0103 ale v\u00e2ntului. Temperatura maxim\u0103 va fi de 35&#8230;36 de grade.***<\/p>\n\n\n\n<p>La munte, vremea va fi cald\u0103, local c\u0103lduroas\u0103, dar \u015fi \u00een general instabil\u0103. Cerul va fi variabil, dar dup\u0103 orele pr\u00e2nzului vor fi perioade \u00een care local se vor semnala averse \u015fi desc\u0103rc\u0103ri electrice. Ploile vor avea \u015fi caracter toren\u0163ial, vor fi \u00eenso\u0163ite de vijelii \u015fi izolat de grindin\u0103, iar \u00een intervale scurte de timp cantit\u0103\u0163ile de ap\u0103 vor dep\u0103\u015fi 20&#8230;40 l\/mp. Valorile termice diurne vor continua s\u0103 creasc\u0103 u\u015for.***<\/p>\n\n\n\n<p>La mare, vremea va fi \u00een general frumoasa. Cerul va fi variabil la senin, iar v\u00e2ntul va sufla slab \u015fi moderat, cu intensific\u0103ri moderate, mai ales \u00een timpul zilei. Temperaturile maxime se vor \u00eencadra \u00eentre 26 \u015fi 29 de grade, iar cele minime \u00eentre 20 \u015fi 22 de grade. Temperatura apei m\u0103rii va avea valori de 23&#8230;.25 de grade.\u00a0<\/p>\n\n\n\n<p>Sursa:realitatea<\/p>\n","protected":false},"excerpt":{"rendered":"<p>In capitala, vremea va deveni canicular\u0103, iar indicele temperatur\u0103-umezeal\u0103 (ITU) va dep\u0103\u015fi pragul critic de 80 de unit\u0103\u0163i al disconfortului<\/p>\n","protected":false},"author":1,"featured_media":41214,"comment_status":"closed","ping_status":"closed","sticky":false,"template":"","format":"standard","meta":{"spay_email":"","footnotes":"","jetpack_publicize_message":""},"categories":[6],"tags":[],"class_list":["post-77334","post","type-post","status-publish","format-standard","has-post-thumbnail","hentry","category-social"],"jetpack_featured_media_url":"https:\/\/i2.wp.com\/realitatearutiera.ro\/wp-content\/uploads\/2018\/09\/soare_vreme_anm_prognoza_meteo_00120700.jpg?fit=670%2C377&ssl=1","jetpack_publicize_connections":[],"jetpack_sharing_enabled":true,"jetpack_shortlink":"https:\/\/wp.me\/p61naM-k7k","jetpack-related-posts":[],"_links":{"self":[{"href":"https:\/\/realitatearutiera.ro\/index.php?rest_route=\/wp\/v2\/posts\/77334","targetHints":{"allow":["GET"]}}],"collection":[{"href":"https:\/\/realitatearutiera.ro\/index.php?rest_route=\/wp\/v2\/posts"}],"about":[{"href":"https:\/\/realitatearutiera.ro\/index.php?rest_route=\/wp\/v2\/types\/post"}],"author":[{"embeddable":true,"href":"https:\/\/realitatearutiera.ro\/index.php?rest_route=\/wp\/v2\/users\/1"}],"replies":[{"embeddable":true,"href":"https:\/\/realitatearutiera.ro\/index.php?rest_route=%2Fwp%2Fv2%2Fcomments&post=77334"}],"version-history":[{"count":1,"href":"https:\/\/realitatearutiera.ro\/index.php?rest_route=\/wp\/v2\/posts\/77334\/revisions"}],"predecessor-version":[{"id":77335,"href":"https:\/\/realitatearutiera.ro\/index.php?rest_route=\/wp\/v2\/posts\/77334\/revisions\/77335"}],"wp:featuredmedia":[{"embeddable":true,"href":"https:\/\/realitatearutiera.ro\/index.php?rest_route=\/wp\/v2\/media\/41214"}],"wp:attachment":[{"href":"https:\/\/realitatearutiera.ro\/index.php?rest_route=%2Fwp%2Fv2%2Fmedia&parent=77334"}],"wp:term":[{"taxonomy":"category","embeddable":true,"href":"https:\/\/realitatearutiera.ro\/index.php?rest_route=%2Fwp%2Fv2%2Fcategories&post=77334"},{"taxonomy":"post_tag","embeddable":true,"href":"https:\/\/realitatearutiera.ro\/index.php?rest_route=%2Fwp%2Fv2%2Ftags&post=77334"}],"curies":[{"name":"wp","href":"https:\/\/api.w.org\/{rel}","templated":true}]}}