{"id":77405,"date":"2021-07-02T08:18:51","date_gmt":"2021-07-02T05:18:51","guid":{"rendered":"http:\/\/realitatearutiera.ro\/?p=77405"},"modified":"2021-07-02T08:18:56","modified_gmt":"2021-07-02T05:18:56","slug":"judetul-prahova-trafic-reluat-pe-dn-1","status":"publish","type":"post","link":"https:\/\/realitatearutiera.ro\/?p=77405","title":{"rendered":"JUDE\u021aUL PRAHOVA: TRAFIC RELUAT PE DN 1"},"content":{"rendered":"\n<p><strong>Centrul INFOTRAFIC din Inspectoratul General al Poli\u021biei Rom\u00e2ne&nbsp;<\/strong>informeaz\u0103 c\u0103 traficul a fost reluat pe un fir, prin dirijare, pe DN 1 Ploie\u0219ti \u2013 Bra\u0219ov, la kilometrul 129, pe raza sta\u021biunii Bu\u0219teni, jude\u021bul Prahova, unde circula\u021bia a fost \u00eentrerupt\u0103 anterior de un autocamion r\u0103sturnat pe carosabil.<\/p>\n\n\n\n<p>Se estimeaz\u0103 ca traficul s\u0103 revin\u0103 la condi\u021bii normale \u00een 40 de minute.<\/p>\n","protected":false},"excerpt":{"rendered":"<p>Centrul INFOTRAFIC din Inspectoratul General al Poli\u021biei Rom\u00e2ne&nbsp;informeaz\u0103 c\u0103 traficul a fost reluat pe un fir, prin dirijare, pe DN<\/p>\n","protected":false},"author":1,"featured_media":77401,"comment_status":"closed","ping_status":"closed","sticky":false,"template":"","format":"standard","meta":{"spay_email":"","footnotes":"","jetpack_publicize_message":""},"categories":[54],"tags":[],"class_list":["post-77405","post","type-post","status-publish","format-standard","has-post-thumbnail","hentry","category-informatii-rutiere"],"jetpack_featured_media_url":"https:\/\/i2.wp.com\/realitatearutiera.ro\/wp-content\/uploads\/2021\/07\/Coloane-de-masini-pe-DN1-in-sensul-spre-Capitala-Politistii-deviaza-circulatia-spre-rute-alternative.jpg?fit=240%2C160&ssl=1","jetpack_publicize_connections":[],"jetpack_sharing_enabled":true,"jetpack_shortlink":"https:\/\/wp.me\/p61naM-k8t","jetpack-related-posts":[],"_links":{"self":[{"href":"https:\/\/realitatearutiera.ro\/index.php?rest_route=\/wp\/v2\/posts\/77405","targetHints":{"allow":["GET"]}}],"collection":[{"href":"https:\/\/realitatearutiera.ro\/index.php?rest_route=\/wp\/v2\/posts"}],"about":[{"href":"https:\/\/realitatearutiera.ro\/index.php?rest_route=\/wp\/v2\/types\/post"}],"author":[{"embeddable":true,"href":"https:\/\/realitatearutiera.ro\/index.php?rest_route=\/wp\/v2\/users\/1"}],"replies":[{"embeddable":true,"href":"https:\/\/realitatearutiera.ro\/index.php?rest_route=%2Fwp%2Fv2%2Fcomments&post=77405"}],"version-history":[{"count":1,"href":"https:\/\/realitatearutiera.ro\/index.php?rest_route=\/wp\/v2\/posts\/77405\/revisions"}],"predecessor-version":[{"id":77406,"href":"https:\/\/realitatearutiera.ro\/index.php?rest_route=\/wp\/v2\/posts\/77405\/revisions\/77406"}],"wp:featuredmedia":[{"embeddable":true,"href":"https:\/\/realitatearutiera.ro\/index.php?rest_route=\/wp\/v2\/media\/77401"}],"wp:attachment":[{"href":"https:\/\/realitatearutiera.ro\/index.php?rest_route=%2Fwp%2Fv2%2Fmedia&parent=77405"}],"wp:term":[{"taxonomy":"category","embeddable":true,"href":"https:\/\/realitatearutiera.ro\/index.php?rest_route=%2Fwp%2Fv2%2Fcategories&post=77405"},{"taxonomy":"post_tag","embeddable":true,"href":"https:\/\/realitatearutiera.ro\/index.php?rest_route=%2Fwp%2Fv2%2Ftags&post=77405"}],"curies":[{"name":"wp","href":"https:\/\/api.w.org\/{rel}","templated":true}]}}