{"id":77407,"date":"2021-07-02T08:20:26","date_gmt":"2021-07-02T05:20:26","guid":{"rendered":"http:\/\/realitatearutiera.ro\/?p=77407"},"modified":"2021-07-02T08:20:29","modified_gmt":"2021-07-02T05:20:29","slug":"judetul-neamt-circulatie-intrerupta-pe-dn-15","status":"publish","type":"post","link":"https:\/\/realitatearutiera.ro\/?p=77407","title":{"rendered":"JUDE\u021aUL NEAM\u021a: CIRCULA\u021aIE \u00ceNTRERUPT\u0102 PE DN 15"},"content":{"rendered":"\n<p><strong>Centrul INFOTRAFIC din Inspectoratul General al Poli\u021biei Rom\u00e2ne&nbsp;<\/strong>informeaz\u0103 c\u0103, din cauza aluviunilor scurse de pe versan\u021bi, traficul este \u00eentrerupt pe DN 15 Ceahl\u0103u \u2013 Topli\u021ba, la kilometrul 237, \u00een localitatea Bistricioara, jude\u021bul Neam\u021b. Circula\u021bia a fost deviat\u0103 pe DJ 155F.<\/p>\n\n\n\n<p>Se ac\u021bioneaz\u0103 pentru degajarea carosabilului.<\/p>\n","protected":false},"excerpt":{"rendered":"<p>Centrul INFOTRAFIC din Inspectoratul General al Poli\u021biei Rom\u00e2ne&nbsp;informeaz\u0103 c\u0103, din cauza aluviunilor scurse de pe versan\u021bi, traficul este \u00eentrerupt pe<\/p>\n","protected":false},"author":1,"featured_media":77408,"comment_status":"closed","ping_status":"closed","sticky":false,"template":"","format":"standard","meta":{"spay_email":"","footnotes":"","jetpack_publicize_message":""},"categories":[54],"tags":[],"class_list":["post-77407","post","type-post","status-publish","format-standard","has-post-thumbnail","hentry","category-informatii-rutiere"],"jetpack_featured_media_url":"https:\/\/i1.wp.com\/realitatearutiera.ro\/wp-content\/uploads\/2021\/07\/65766431_852099008505323_4856209858187231232_o.jpg?fit=1440%2C810&ssl=1","jetpack_publicize_connections":[],"jetpack_sharing_enabled":true,"jetpack_shortlink":"https:\/\/wp.me\/p61naM-k8v","jetpack-related-posts":[],"_links":{"self":[{"href":"https:\/\/realitatearutiera.ro\/index.php?rest_route=\/wp\/v2\/posts\/77407","targetHints":{"allow":["GET"]}}],"collection":[{"href":"https:\/\/realitatearutiera.ro\/index.php?rest_route=\/wp\/v2\/posts"}],"about":[{"href":"https:\/\/realitatearutiera.ro\/index.php?rest_route=\/wp\/v2\/types\/post"}],"author":[{"embeddable":true,"href":"https:\/\/realitatearutiera.ro\/index.php?rest_route=\/wp\/v2\/users\/1"}],"replies":[{"embeddable":true,"href":"https:\/\/realitatearutiera.ro\/index.php?rest_route=%2Fwp%2Fv2%2Fcomments&post=77407"}],"version-history":[{"count":1,"href":"https:\/\/realitatearutiera.ro\/index.php?rest_route=\/wp\/v2\/posts\/77407\/revisions"}],"predecessor-version":[{"id":77409,"href":"https:\/\/realitatearutiera.ro\/index.php?rest_route=\/wp\/v2\/posts\/77407\/revisions\/77409"}],"wp:featuredmedia":[{"embeddable":true,"href":"https:\/\/realitatearutiera.ro\/index.php?rest_route=\/wp\/v2\/media\/77408"}],"wp:attachment":[{"href":"https:\/\/realitatearutiera.ro\/index.php?rest_route=%2Fwp%2Fv2%2Fmedia&parent=77407"}],"wp:term":[{"taxonomy":"category","embeddable":true,"href":"https:\/\/realitatearutiera.ro\/index.php?rest_route=%2Fwp%2Fv2%2Fcategories&post=77407"},{"taxonomy":"post_tag","embeddable":true,"href":"https:\/\/realitatearutiera.ro\/index.php?rest_route=%2Fwp%2Fv2%2Ftags&post=77407"}],"curies":[{"name":"wp","href":"https:\/\/api.w.org\/{rel}","templated":true}]}}