{"id":7762,"date":"2016-03-08T09:57:09","date_gmt":"2016-03-08T06:57:09","guid":{"rendered":"http:\/\/realitatearutiera.ro\/?p=7762"},"modified":"2016-03-08T09:57:09","modified_gmt":"2016-03-08T06:57:09","slug":"ultima-ora-un-autobuz-s-a-ciocnit-cu-un-autocamion-intre-jelna-si-orhei","status":"publish","type":"post","link":"https:\/\/realitatearutiera.ro\/?p=7762","title":{"rendered":"ULTIMA OR\u0102 Un autobuz s-a ciocnit cu un autocamion \u00eentre Jelna \u0219i Orhei"},"content":{"rendered":"<p>Accidentul s-a petrecut \u00een zona numit\u0103 \u0218esul Jelnei. Se pare c\u0103 un autocamion a vrut s\u0103 fac\u0103 st\u00e2nga pe un drum secondar, iar c\u00e2nd a \u00eenceput s\u0103 vireze, a venit un autobuz cu vitez\u0103 din spate care a vrut s\u0103 dep\u0103\u0219easc\u0103. \u0218oferul autobuzului a tras tare st\u00e2nga, a ras autocamionul \u0219i a rico\u0219at pe marginea \u0219oselei, unde a lovit un pieton, care se \u00eentorcea de la munc\u0103. Deocamdat\u0103 nu se \u0219tie care ete starea pietonului, acesta fiind transportat de urgen\u021b\u0103 la Spitalul Jude\u021bean de Urgen\u021b\u0103.<\/p>\n<p>Autobuzul era contractat de Leoni \u0219i tocmai transportase mai multe persoane la munc\u0103 din Dumitri\u021ba. \u00cen momentul producerii accidentului, acesta se \u00eentorcea la baz\u0103. Niciunul dintre \u0219oferi nu a fost r\u0103nit.<\/p>\n<p>Cei doi au fost testat \u0219i cu aparatul alcooltest, rezultatul fiind negativ. Circula\u021bia este blocat\u0103 momentan pe unul din sensuri.<\/p>\n","protected":false},"excerpt":{"rendered":"<p>Accidentul s-a petrecut \u00een zona numit\u0103 \u0218esul Jelnei. Se pare c\u0103 un autocamion a vrut s\u0103 fac\u0103 st\u00e2nga pe un<\/p>\n","protected":false},"author":1,"featured_media":6833,"comment_status":"open","ping_status":"open","sticky":false,"template":"","format":"standard","meta":{"spay_email":"","footnotes":"","jetpack_publicize_message":""},"categories":[1],"tags":[],"class_list":["post-7762","post","type-post","status-publish","format-standard","has-post-thumbnail","hentry","category-uncategorized"],"jetpack_featured_media_url":"https:\/\/i0.wp.com\/realitatearutiera.ro\/wp-content\/uploads\/2016\/02\/accident-mortal-pe-dn7-in-apropiere-de-deva-18523408.jpg?fit=610%2C292&ssl=1","jetpack_publicize_connections":[],"jetpack_sharing_enabled":true,"jetpack_shortlink":"https:\/\/wp.me\/p61naM-21c","jetpack-related-posts":[],"_links":{"self":[{"href":"https:\/\/realitatearutiera.ro\/index.php?rest_route=\/wp\/v2\/posts\/7762","targetHints":{"allow":["GET"]}}],"collection":[{"href":"https:\/\/realitatearutiera.ro\/index.php?rest_route=\/wp\/v2\/posts"}],"about":[{"href":"https:\/\/realitatearutiera.ro\/index.php?rest_route=\/wp\/v2\/types\/post"}],"author":[{"embeddable":true,"href":"https:\/\/realitatearutiera.ro\/index.php?rest_route=\/wp\/v2\/users\/1"}],"replies":[{"embeddable":true,"href":"https:\/\/realitatearutiera.ro\/index.php?rest_route=%2Fwp%2Fv2%2Fcomments&post=7762"}],"version-history":[{"count":1,"href":"https:\/\/realitatearutiera.ro\/index.php?rest_route=\/wp\/v2\/posts\/7762\/revisions"}],"predecessor-version":[{"id":7763,"href":"https:\/\/realitatearutiera.ro\/index.php?rest_route=\/wp\/v2\/posts\/7762\/revisions\/7763"}],"wp:featuredmedia":[{"embeddable":true,"href":"https:\/\/realitatearutiera.ro\/index.php?rest_route=\/wp\/v2\/media\/6833"}],"wp:attachment":[{"href":"https:\/\/realitatearutiera.ro\/index.php?rest_route=%2Fwp%2Fv2%2Fmedia&parent=7762"}],"wp:term":[{"taxonomy":"category","embeddable":true,"href":"https:\/\/realitatearutiera.ro\/index.php?rest_route=%2Fwp%2Fv2%2Fcategories&post=7762"},{"taxonomy":"post_tag","embeddable":true,"href":"https:\/\/realitatearutiera.ro\/index.php?rest_route=%2Fwp%2Fv2%2Ftags&post=7762"}],"curies":[{"name":"wp","href":"https:\/\/api.w.org\/{rel}","templated":true}]}}