{"id":77953,"date":"2021-07-27T09:01:46","date_gmt":"2021-07-27T06:01:46","guid":{"rendered":"http:\/\/realitatearutiera.ro\/?p=77953"},"modified":"2021-07-27T09:01:52","modified_gmt":"2021-07-27T06:01:52","slug":"scene-de-cosmar-s-au-derulat-pe-o-strada-din-statele-unite","status":"publish","type":"post","link":"https:\/\/realitatearutiera.ro\/?p=77953","title":{"rendered":"Scene de co\u0219mar s-au derulat pe o strad\u0103 din Statele Unite"},"content":{"rendered":"\n<p>Scene de co\u0219mar s-au derulat pe o strad\u0103 din Statele Unite. O mam\u0103 \u0219i feti\u021ba ei de opt luni au fost spulberate de o ma\u0219in\u0103, care s-a oprit abia dup\u0103 ce a trecut prin vitrina unei frizerii.<\/p>\n\n\n\n<figure class=\"wp-block-image\"><img decoding=\"async\" src=\"https:\/\/i1.wp.com\/image.stirileprotv.ro\/media\/images\/680xX\/Jul2021\/62204121.jpg?w=800&#038;ssl=1\" alt=\"trecere\" data-recalc-dims=\"1\"\/><\/figure>\n\n\n\n<p>Copila a r\u0103mas blocat\u0103 sub autoturism, iar interven\u021bia salvatorilor a fost una contracronometru.<\/p>\n\n\n\n<p>Camerele de supraveghere din zon\u0103 au surprins momentul \u00een care, \u00een intersec\u0163ie, ma\u0219ina a virat la st\u00e2nga. \u00cen acea clip\u0103, \u015foferul a pierdut controlul asupra volanului \u015fi vehiculul a izbit-o \u00een plin pe femeia care traversa \u015foseaua cu feti\u0163a de opt luni \u00een bra\u0163e. Cele dou\u0103 au fost purtate prin vitrina unei frizerii, iar copila a r\u0103mas blocat\u0103 sub autoturism.<\/p>\n\n\n\n<p>Doi poli\u021bi\u0219ti, care se aflau vizazi, \u00eentr-o cafenea, au ajuns imediat la locul accidentului \u015fi \u015fi-au dat seama c\u0103 singura solu\u0163ie este s\u0103 ridice ma\u015fina.<\/p>\n\n\n\n<p>Camerele de pe uniformele agen\u0163ilor au filmat opera\u0163iunea contracronometru.https:\/\/3892383bd36cd126ea33a12c62cdcec9.safeframe.googlesyndication.com\/safeframe\/1-0-38\/html\/container.html<\/p>\n\n\n\n<p>Paul Samoyedny, poli\u021bist: \u201cNe-am dat seama c\u0103 nu putem pune ma\u0219ina \u00een mi\u0219care, a\u0219a c\u0103 a trebuit s\u0103 o ridic\u0103m de pe copil. Efortul pe care l-a depus s\u0103 ridice ma\u0219ina a fost incredibil. Sunt foarte m\u00e2ndru de Rocco\u201d.<\/p>\n\n\n\n<p>Astfel, omul s-a t\u00e2r\u00e2t sub vehicul \u015fi a recuperat-o pe micutz\u0103 c\u00e2t a putut de repede.<\/p>\n\n\n\n<p>Paul Samoyedny, poli\u021bist: \u201cAm scos-o c\u00e2t am putut de rapid. Pur \u0219i simplu m-am bucurat c\u00e2nd am v\u0103zut c\u0103 se mi\u0219c\u0103 sub ma\u0219in\u0103\u201d.<\/p>\n\n\n\n<p>Paul Samoyedny, poli\u021bist: \u201cM-am bucurat doar c\u0103 am putut reac\u021biona. Pentru c\u0103 sunt tat\u0103l a patru copii, impactul emo\u021bional a fost foarte puternic pentru mine c\u00e2nd am v\u0103zut bebelu\u0219ul de acolo \u0219i c\u0103 \u00ee\u0219i mi\u0219c\u0103 bra\u021bele, pur \u0219i simplu nu am putut s\u0103 plec de l\u00e2ng\u0103 ma\u0219in\u0103\u201d.<\/p>\n\n\n\n<p>Feti\u0163a a suferit un traumatism cranio-cerebral \u015fi arsuri serioase. Mama ei s-a ales cu un picior fracturat.<\/p>\n\n\n\n<p>\u0218oferul care a provocat totul era b\u0103ut \u015fi avea permisul de conducere suspendat. Individul \u0219i pasagera care \u00eel \u00eenso\u0163ea au sc\u0103pat nev\u0103t\u0103ma\u021bi<\/p>\n\n\n\n<p>Sursa:stirileprotv<\/p>\n","protected":false},"excerpt":{"rendered":"<p>Scene de co\u0219mar s-au derulat pe o strad\u0103 din Statele Unite. O mam\u0103 \u0219i feti\u021ba ei de opt luni au<\/p>\n","protected":false},"author":1,"featured_media":77954,"comment_status":"closed","ping_status":"closed","sticky":false,"template":"","format":"standard","meta":{"spay_email":"","footnotes":"","jetpack_publicize_message":""},"categories":[12],"tags":[],"class_list":["post-77953","post","type-post","status-publish","format-standard","has-post-thumbnail","hentry","category-stiri-internationale"],"jetpack_featured_media_url":"https:\/\/i2.wp.com\/realitatearutiera.ro\/wp-content\/uploads\/2021\/07\/descarcare-6.jpg?fit=284%2C178&ssl=1","jetpack_publicize_connections":[],"jetpack_sharing_enabled":true,"jetpack_shortlink":"https:\/\/wp.me\/p61naM-khj","jetpack-related-posts":[],"_links":{"self":[{"href":"https:\/\/realitatearutiera.ro\/index.php?rest_route=\/wp\/v2\/posts\/77953","targetHints":{"allow":["GET"]}}],"collection":[{"href":"https:\/\/realitatearutiera.ro\/index.php?rest_route=\/wp\/v2\/posts"}],"about":[{"href":"https:\/\/realitatearutiera.ro\/index.php?rest_route=\/wp\/v2\/types\/post"}],"author":[{"embeddable":true,"href":"https:\/\/realitatearutiera.ro\/index.php?rest_route=\/wp\/v2\/users\/1"}],"replies":[{"embeddable":true,"href":"https:\/\/realitatearutiera.ro\/index.php?rest_route=%2Fwp%2Fv2%2Fcomments&post=77953"}],"version-history":[{"count":1,"href":"https:\/\/realitatearutiera.ro\/index.php?rest_route=\/wp\/v2\/posts\/77953\/revisions"}],"predecessor-version":[{"id":77955,"href":"https:\/\/realitatearutiera.ro\/index.php?rest_route=\/wp\/v2\/posts\/77953\/revisions\/77955"}],"wp:featuredmedia":[{"embeddable":true,"href":"https:\/\/realitatearutiera.ro\/index.php?rest_route=\/wp\/v2\/media\/77954"}],"wp:attachment":[{"href":"https:\/\/realitatearutiera.ro\/index.php?rest_route=%2Fwp%2Fv2%2Fmedia&parent=77953"}],"wp:term":[{"taxonomy":"category","embeddable":true,"href":"https:\/\/realitatearutiera.ro\/index.php?rest_route=%2Fwp%2Fv2%2Fcategories&post=77953"},{"taxonomy":"post_tag","embeddable":true,"href":"https:\/\/realitatearutiera.ro\/index.php?rest_route=%2Fwp%2Fv2%2Ftags&post=77953"}],"curies":[{"name":"wp","href":"https:\/\/api.w.org\/{rel}","templated":true}]}}