{"id":78705,"date":"2021-09-01T09:57:20","date_gmt":"2021-09-01T06:57:20","guid":{"rendered":"http:\/\/realitatearutiera.ro\/?p=78705"},"modified":"2021-09-01T09:57:25","modified_gmt":"2021-09-01T06:57:25","slug":"alcoolul-l-a-parcat-in-sant","status":"publish","type":"post","link":"https:\/\/realitatearutiera.ro\/?p=78705","title":{"rendered":"Alcoolul l-a \u201dparcat \u201d\u00een \u0219an\u021b&#8230;"},"content":{"rendered":"\n<p><strong>Un b\u0103rbat aflat aproape \u00een com\u0103 alcoolic\u0103 a intrat cu ma\u0219ina \u00eentr-un \u0219an\u021b, luni, pe Drumul Na\u021bional DN 29, \u00een apropiere de localitatea R\u0103chi\u021bi.<\/strong><\/p>\n\n\n\n<p>Un trec\u0103tor a semnalat producerea accidentului rutier, prin apel la 112, la fa\u021ba locului fiind direc\u021biona un echipaj din cadrul Sec\u021biei de Poli\u021bie Rural\u0103 nr. 1. Organele judiciare au identificat la volan un b\u0103rbat de 39 de ani, din municipiul Boto\u0219ani.<\/p>\n\n\n\n<figure class=\"wp-block-image is-resized\"><img loading=\"lazy\" decoding=\"async\" src=\"https:\/\/i2.wp.com\/stiri.botosani.ro\/media\/images\/articles\/big\/un-barbat-aflat-aproape-in-coma-alcoolica-a-ajuns-cu-masina-in-sant-3g6.jpg?resize=484%2C350&#038;ssl=1\" alt=\"Un b\u0103rbat aflat aproape \u00een com\u0103 alcoolic\u0103 a ajuns cu ma\u0219ina \u00een \u0219an\u021b\" width=\"484\" height=\"350\" data-recalc-dims=\"1\" \/><\/figure>\n\n\n\n<p><em>\u201e\u00centruc\u00e2t emana halen\u0103 alcoolic\u0103, acesta a fost testat cu aparatul alcooltest, valoarea rezultat\u0103 fiind de 1,68 mg\/l alcool pur \u00een aerul expirat. \u00cen cauz\u0103 a fost \u00eentocmit un dosar penal sub aspectul comiterii infrac\u021biunii de conducere sub influen\u021ba alcoolului\u201d,<\/em>\u00a0a precizat Delia Neni\u0219cu, purt\u0103torul de cuv\u00e2nt al Inspectoratului de Poli\u021bie.<\/p>\n\n\n\n<p>Sursa:stiribotosani<\/p>\n","protected":false},"excerpt":{"rendered":"<p>Un b\u0103rbat aflat aproape \u00een com\u0103 alcoolic\u0103 a intrat cu ma\u0219ina \u00eentr-un \u0219an\u021b, luni, pe Drumul Na\u021bional DN 29, \u00een<\/p>\n","protected":false},"author":1,"featured_media":74676,"comment_status":"open","ping_status":"closed","sticky":false,"template":"","format":"standard","meta":{"spay_email":"","footnotes":"","jetpack_publicize_message":""},"categories":[1],"tags":[],"class_list":["post-78705","post","type-post","status-publish","format-standard","has-post-thumbnail","hentry","category-uncategorized"],"jetpack_featured_media_url":"https:\/\/i0.wp.com\/realitatearutiera.ro\/wp-content\/uploads\/2021\/03\/masina-avariata-de-un-sofer-beat-care-a-fugit-de-locul-accidentului.jpg?fit=100%2C100&ssl=1","jetpack_publicize_connections":[],"jetpack_sharing_enabled":true,"jetpack_shortlink":"https:\/\/wp.me\/p61naM-ktr","jetpack-related-posts":[],"_links":{"self":[{"href":"https:\/\/realitatearutiera.ro\/index.php?rest_route=\/wp\/v2\/posts\/78705","targetHints":{"allow":["GET"]}}],"collection":[{"href":"https:\/\/realitatearutiera.ro\/index.php?rest_route=\/wp\/v2\/posts"}],"about":[{"href":"https:\/\/realitatearutiera.ro\/index.php?rest_route=\/wp\/v2\/types\/post"}],"author":[{"embeddable":true,"href":"https:\/\/realitatearutiera.ro\/index.php?rest_route=\/wp\/v2\/users\/1"}],"replies":[{"embeddable":true,"href":"https:\/\/realitatearutiera.ro\/index.php?rest_route=%2Fwp%2Fv2%2Fcomments&post=78705"}],"version-history":[{"count":1,"href":"https:\/\/realitatearutiera.ro\/index.php?rest_route=\/wp\/v2\/posts\/78705\/revisions"}],"predecessor-version":[{"id":78706,"href":"https:\/\/realitatearutiera.ro\/index.php?rest_route=\/wp\/v2\/posts\/78705\/revisions\/78706"}],"wp:featuredmedia":[{"embeddable":true,"href":"https:\/\/realitatearutiera.ro\/index.php?rest_route=\/wp\/v2\/media\/74676"}],"wp:attachment":[{"href":"https:\/\/realitatearutiera.ro\/index.php?rest_route=%2Fwp%2Fv2%2Fmedia&parent=78705"}],"wp:term":[{"taxonomy":"category","embeddable":true,"href":"https:\/\/realitatearutiera.ro\/index.php?rest_route=%2Fwp%2Fv2%2Fcategories&post=78705"},{"taxonomy":"post_tag","embeddable":true,"href":"https:\/\/realitatearutiera.ro\/index.php?rest_route=%2Fwp%2Fv2%2Ftags&post=78705"}],"curies":[{"name":"wp","href":"https:\/\/api.w.org\/{rel}","templated":true}]}}