{"id":78784,"date":"2021-09-03T09:15:32","date_gmt":"2021-09-03T06:15:32","guid":{"rendered":"http:\/\/realitatearutiera.ro\/?p=78784"},"modified":"2021-09-03T09:15:37","modified_gmt":"2021-09-03T06:15:37","slug":"tramvai-deraiat-de-o-soferita-in-sectorul-6","status":"publish","type":"post","link":"https:\/\/realitatearutiera.ro\/?p=78784","title":{"rendered":"Tramvai deraiat de o \u0219oferi\u021b\u0103, \u00een Sectorul 6"},"content":{"rendered":"\n<p>O \u0219oferi\u021b\u0103 a provocat deraierea unui tramvai \u00een cartierul Drumul Taberei din Sectorul 6 al Capitalei. Circula\u021bia tramvaielor \u00een zon\u0103 a fost blocat\u0103 ore bune.<\/p>\n\n\n\n<figure class=\"wp-block-image is-resized\"><img loading=\"lazy\" decoding=\"async\" src=\"https:\/\/i0.wp.com\/media.cancan.ro\/unsafe\/0x700\/smart\/filters:contrast(5):format(jpeg):quality(80)\/http:\/\/www.promotor.ro\/wp-content\/uploads\/2021\/09\/Soferita-tramvai-2.jpg?resize=522%2C306&#038;ssl=1\" alt=\"\" width=\"522\" height=\"306\" data-recalc-dims=\"1\" \/><\/figure>\n\n\n\n<p>Incidentul a avut loc miercuri seara, pe Bulevardul Timi\u0219oara din sectorul 6. Ma\u0219ina a ajuns pe sine \u0219i a fost lovit\u0103 \u00een plin de un tramvai care circula pe linia 25. Mijlocul de transport \u00een comun a deraiat \u00een urma impactului.<\/p>\n\n\n\n<p>Dou\u0103 persoane se aflau la bordul autoturismului \u00een momentul impactului. Este vorba despre o \u0219oferi\u021b\u0103 \u00een v\u00e2rst\u0103 de 50 de ani \u0219i de un t\u00e2n\u0103r de 25 de ani. A fost nevoie de o echip\u0103 de descarcerare pentru a o scoate pe femeie din caroseria deformat\u0103 \u00een urma loviturii. Femeia a fost r\u0103nit\u0103 \u0219i a fost transportat\u0103 la spital, con\u0219tient\u0103 \u0219i cooperant\u0103. \u0218i b\u0103rbatul din dreapta ei a suferit leziuni \u0219i a avut nevoie de \u00eengrijiri medicale de specialitate. F\u0103r\u0103 leziuni au sc\u0103pat \u00eens\u0103, c\u0103l\u0103torii din tramvai.<\/p>\n\n\n\n<p>Circula\u021bia tramvaielor 8 \u0219i 25 a fost blocat\u0103 ore bune \u00een zona intersec\u021biei cu strada Romancierilor, pe sensul de mers c\u0103tre R\u0103zoare. Potrivit purt\u0103torului de cuv\u00e2nt al STB, Br\u00e2ndu\u0219a Raeceanu, pentru preluarea fluxului de c\u0103l\u0103tori de pe Bulevardul Timi\u0219oara, a fost introdus\u0103 o linie de autobuze. Aceasta a circulat \u00eentre Depoul Militari \u0219i Pia\u021ba Danny Huwe (R\u0103zoare).<\/p>\n\n\n\n<p>Poli\u021bi\u0219tii au demarat o anchet\u0103 pentru a afla cu exactitate cum ma\u0219ina a ajuns pe \u0219inele de tramvai.<\/p>\n\n\n\n<p>Sursa:promotor<\/p>\n","protected":false},"excerpt":{"rendered":"<p>O \u0219oferi\u021b\u0103 a provocat deraierea unui tramvai \u00een cartierul Drumul Taberei din Sectorul 6 al Capitalei. Circula\u021bia tramvaielor \u00een zon\u0103<\/p>\n","protected":false},"author":1,"featured_media":78785,"comment_status":"open","ping_status":"closed","sticky":false,"template":"","format":"standard","meta":{"spay_email":"","footnotes":"","jetpack_publicize_message":""},"categories":[82],"tags":[],"class_list":["post-78784","post","type-post","status-publish","format-standard","has-post-thumbnail","hentry","category-auto"],"jetpack_featured_media_url":"https:\/\/i1.wp.com\/realitatearutiera.ro\/wp-content\/uploads\/2021\/09\/Soferita-tramvai-1.jpg?fit=1086%2C700&ssl=1","jetpack_publicize_connections":[],"jetpack_sharing_enabled":true,"jetpack_shortlink":"https:\/\/wp.me\/p61naM-kuI","jetpack-related-posts":[],"_links":{"self":[{"href":"https:\/\/realitatearutiera.ro\/index.php?rest_route=\/wp\/v2\/posts\/78784","targetHints":{"allow":["GET"]}}],"collection":[{"href":"https:\/\/realitatearutiera.ro\/index.php?rest_route=\/wp\/v2\/posts"}],"about":[{"href":"https:\/\/realitatearutiera.ro\/index.php?rest_route=\/wp\/v2\/types\/post"}],"author":[{"embeddable":true,"href":"https:\/\/realitatearutiera.ro\/index.php?rest_route=\/wp\/v2\/users\/1"}],"replies":[{"embeddable":true,"href":"https:\/\/realitatearutiera.ro\/index.php?rest_route=%2Fwp%2Fv2%2Fcomments&post=78784"}],"version-history":[{"count":1,"href":"https:\/\/realitatearutiera.ro\/index.php?rest_route=\/wp\/v2\/posts\/78784\/revisions"}],"predecessor-version":[{"id":78786,"href":"https:\/\/realitatearutiera.ro\/index.php?rest_route=\/wp\/v2\/posts\/78784\/revisions\/78786"}],"wp:featuredmedia":[{"embeddable":true,"href":"https:\/\/realitatearutiera.ro\/index.php?rest_route=\/wp\/v2\/media\/78785"}],"wp:attachment":[{"href":"https:\/\/realitatearutiera.ro\/index.php?rest_route=%2Fwp%2Fv2%2Fmedia&parent=78784"}],"wp:term":[{"taxonomy":"category","embeddable":true,"href":"https:\/\/realitatearutiera.ro\/index.php?rest_route=%2Fwp%2Fv2%2Fcategories&post=78784"},{"taxonomy":"post_tag","embeddable":true,"href":"https:\/\/realitatearutiera.ro\/index.php?rest_route=%2Fwp%2Fv2%2Ftags&post=78784"}],"curies":[{"name":"wp","href":"https:\/\/api.w.org\/{rel}","templated":true}]}}