{"id":78790,"date":"2021-09-03T09:40:56","date_gmt":"2021-09-03T06:40:56","guid":{"rendered":"http:\/\/realitatearutiera.ro\/?p=78790"},"modified":"2021-09-03T09:41:02","modified_gmt":"2021-09-03T06:41:02","slug":"accident-pe-dn1b-trei-masini-au-fost-implicate","status":"publish","type":"post","link":"https:\/\/realitatearutiera.ro\/?p=78790","title":{"rendered":"Accident pe DN1B. Trei ma\u0219ini au fost implicate"},"content":{"rendered":"\n<h2 class=\"wp-block-heading\">Un accident \u00een care au fost implicate trei ma\u0219ini a avut loc vineri diminea\u021ba pe DN 1B, \u00een jude\u021bul Prahova. Traficul \u00een zon\u0103 este restric\u021bionat, conform Centrului\u00a0<a rel=\"noreferrer noopener\" href=\"https:\/\/www.politiaromana.ro\/ro\/info-trafic\/judetul-prahova-trafic-alternativ-pe-dn-1b\" target=\"_blank\">Infotrafic<\/a>\u00a0al poli\u021biei.\u00a0<\/h2>\n\n\n\n<figure class=\"wp-block-image is-resized\"><img loading=\"lazy\" decoding=\"async\" src=\"https:\/\/media.realitatea.net\/multimedia\/image\/202108\/w1920\/accident-dambo-dn72_240a9d428f.webp\" alt=\"Foto arhiv\u0103. Accident cu 3 ma\u0219ini, \u00een ora\u0219ul Mizil. \" width=\"566\" height=\"318\"\/><\/figure>\n\n\n\n<p>Potrivit Centrului Infotrafic din Inspectoratul General al Poli\u021biei Rom\u00e2ne, accidentul a avut loc pe DN 1B Ploie\u0219ti \u2013 Mizil, \u00een zona localit\u0103\u021bii Valea C\u0103lug\u0103reasc\u0103, jude\u021bul Prahova, informeaz\u0103 Mediafax.<\/p>\n\n\n\n<p>Conform ISU Prahova, sunt implicate trei ma\u0219ini, din care una parcat\u0103, \u00een care se aflau trei adul\u021bi \u0219i un copil. La fa\u021ba locului intervin o autospecial\u0103 de stingere \u0219i o ambulan\u021b\u0103.<\/p>\n\n\n\n<p>Poli\u021bi\u0219tii sus\u021bin c\u0103 o persoan\u0103 a fost r\u0103nit\u0103.<\/p>\n\n\n\n<p>Traficul \u00een zon\u0103 se desf\u0103\u0219oar\u0103 dirijat, pe un fir, alternativ.<\/p>\n\n\n\n<p>Sursa:realitatea<\/p>\n","protected":false},"excerpt":{"rendered":"<p>Un accident \u00een care au fost implicate trei ma\u0219ini a avut loc vineri diminea\u021ba pe DN 1B, \u00een jude\u021bul Prahova.<\/p>\n","protected":false},"author":1,"featured_media":78600,"comment_status":"open","ping_status":"closed","sticky":false,"template":"","format":"standard","meta":{"spay_email":"","footnotes":"","jetpack_publicize_message":""},"categories":[1],"tags":[],"class_list":["post-78790","post","type-post","status-publish","format-standard","has-post-thumbnail","hentry","category-uncategorized"],"jetpack_featured_media_url":"https:\/\/i0.wp.com\/realitatearutiera.ro\/wp-content\/uploads\/2021\/08\/Accident.jpg?fit=726%2C490&ssl=1","jetpack_publicize_connections":[],"jetpack_sharing_enabled":true,"jetpack_shortlink":"https:\/\/wp.me\/p61naM-kuO","jetpack-related-posts":[],"_links":{"self":[{"href":"https:\/\/realitatearutiera.ro\/index.php?rest_route=\/wp\/v2\/posts\/78790","targetHints":{"allow":["GET"]}}],"collection":[{"href":"https:\/\/realitatearutiera.ro\/index.php?rest_route=\/wp\/v2\/posts"}],"about":[{"href":"https:\/\/realitatearutiera.ro\/index.php?rest_route=\/wp\/v2\/types\/post"}],"author":[{"embeddable":true,"href":"https:\/\/realitatearutiera.ro\/index.php?rest_route=\/wp\/v2\/users\/1"}],"replies":[{"embeddable":true,"href":"https:\/\/realitatearutiera.ro\/index.php?rest_route=%2Fwp%2Fv2%2Fcomments&post=78790"}],"version-history":[{"count":1,"href":"https:\/\/realitatearutiera.ro\/index.php?rest_route=\/wp\/v2\/posts\/78790\/revisions"}],"predecessor-version":[{"id":78791,"href":"https:\/\/realitatearutiera.ro\/index.php?rest_route=\/wp\/v2\/posts\/78790\/revisions\/78791"}],"wp:featuredmedia":[{"embeddable":true,"href":"https:\/\/realitatearutiera.ro\/index.php?rest_route=\/wp\/v2\/media\/78600"}],"wp:attachment":[{"href":"https:\/\/realitatearutiera.ro\/index.php?rest_route=%2Fwp%2Fv2%2Fmedia&parent=78790"}],"wp:term":[{"taxonomy":"category","embeddable":true,"href":"https:\/\/realitatearutiera.ro\/index.php?rest_route=%2Fwp%2Fv2%2Fcategories&post=78790"},{"taxonomy":"post_tag","embeddable":true,"href":"https:\/\/realitatearutiera.ro\/index.php?rest_route=%2Fwp%2Fv2%2Ftags&post=78790"}],"curies":[{"name":"wp","href":"https:\/\/api.w.org\/{rel}","templated":true}]}}