{"id":78968,"date":"2021-09-13T09:03:47","date_gmt":"2021-09-13T06:03:47","guid":{"rendered":"http:\/\/realitatearutiera.ro\/?p=78968"},"modified":"2021-09-13T09:03:52","modified_gmt":"2021-09-13T06:03:52","slug":"accident-cumplit-la-cluj-un-autoturism-si-o-motocicleta-s-au-ciocnit-iar-in-urma-impactului-o-femeie-a-murit","status":"publish","type":"post","link":"https:\/\/realitatearutiera.ro\/?p=78968","title":{"rendered":"Accident cumplit la Cluj: Un autoturism \u0219i o motociclet\u0103 s-au ciocnit, iar \u00een urma impactului o femeie a murit"},"content":{"rendered":"\n<p>Un accident grav de circula\u021bie a avut loc , pe strada Frunzi\u0219ului din municipiul Cluj-Napoca. Un autoturism \u0219i o motociclet\u0103 s-au ciocnit, iar \u00een urma impactului o femeie de 60 de ani a murit. Iat\u0103 cum a avut loc tragedia!<\/p>\n\n\n\n<figure class=\"wp-block-image is-resized\"><img loading=\"lazy\" decoding=\"async\" src=\"https:\/\/img.spynews.ro\/?u=https%3A%2F%2Fspynews.ro%2Fuploads%2Fmodules%2Fnews%2F0%2F2021%2F9%2F12%2F261211%2Fa9b1ce837e0740afb782694ae25d9cd8.jfif&amp;w=700\" alt=\"Accident grav \u00een Cluj-Napoca! O motociclet\u0103 s-a izbit puternic de o ma\u0219in\u0103. Autoturismul a lovit trei pietoni, dintre care unul a murit\" width=\"449\" height=\"252\"\/><\/figure>\n\n\n\n<p><a rel=\"noreferrer noopener\" href=\"https:\/\/spynews.ro\/actualitate\/stiri-interne\/un-tanar-din-teleorman-sa-urcat-beat-la-volan-si-a-provocat-un-accident-grav-soferul-nu-a-mai-putut-pastra-banda-si-a-intrat-pe-contrasens-261197.html\" target=\"_blank\">Un accident cumplit de circula\u021bie<\/a>\u00a0a avut loc,duminic\u0103, pe strada Frunzi\u0219ului din municipiul Cluj-Napoca. O motociclet\u0103 \u0219i un autoturism s-au cioc\u0103nit puternic, \u00eens\u0103 ma\u0219ina a continuat s\u0103 mearg\u0103, iar \u00een urma impactului trei pietoni au fost lovi\u021bi \u0219i o femeie de 60 de ani a murit.<a href=\"https:\/\/spynews.ro\/galerie\/accident-grav-in-clujnapoca-o-motocicleta-sa-izbit-puternic-de-o-masina-autoturismul-a-lovit-trei-pietoni-dintre-care-unul-a-murit-id261211-play0.html\"><\/a><\/p>\n\n\n\n<p>La fa\u021ba locului au ajuns trei autospeciale, dou\u0103 echipaje SMURD \u0219i unul SAJ pentru a gestiona situa\u021bia de urgen\u021b\u0103.<\/p>\n\n\n\n<p>&#8221;Pompierii au g\u0103sit un autoturism \u015fi motociclet\u0103 avariate. Conduc\u0103torul motocicletei se afla \u00eentins pe jos \u015fi necesita asisten\u0163\u0103 medical\u0103, de asemenea, o femeie \u00een v\u00e2rst\u0103 de 60 de ani era prins\u0103 sub ma\u015fin\u0103 \u015fi prezenta traumatisme incompatibile cu via\u0163a. O a doua femeie se afla prins\u0103 sub autoturism, care suferise traumatisme multiple, \u00eens\u0103 era \u00een stare de con\u015ftien\u0163\u0103 \u015fi cooperant\u0103. Un alt b\u0103rbat se afla \u00een apropiere \u015fi solicita asisten\u0163\u0103 medical\u0103&#8221;, a transmis ISU Cluj.<\/p>\n\n\n\n<h2 class=\"wp-block-heading\">C\u00e2te victime au rezultat \u00een urma impactului<\/h2>\n\n\n\n<p><a href=\"https:\/\/spynews.ro\/actualitate\/stiri-interne\/un-tanar-de-23-de-ani-a-murit-in-carasseverin-barbatul-a-pierdut-controlul-motocicletei-intro-curba-261191.html\" target=\"_blank\" rel=\"noreferrer noopener\">Mai multe persoane au fost r\u0103nite&nbsp;<\/a>\u00een urma impactului care a avut loc \u00eentre ma\u0219in\u0103 \u0219i motociclet\u0103, o femeie de 60 de ani a murit pe loc, iar o a doua femeie care se afla pe marginea drumului a fost prins\u0103 sub autoturism \u0219i are traumatisme multiple. Pompierii au ac\u021bionat imediat pentru a extrage femeia de sub autoturism \u0219i au acordat asisten\u021be medicale \u0219i persoanelor implicate.<\/p>\n\n\n\n<blockquote class=\"wp-block-quote is-layout-flow wp-block-quote-is-layout-flow\"><p>\u201dPe strada Frunzi\u015fului, \u00eenspre strada Izlazului a avut loc o coliziune \u00eentre un autoturism \u015fi o motocicleta, ambele circul\u00e2nd \u00een aceea\u015fi direc\u0163ie. \u00cen urma impactului, autoturismul si-ar fi continuat deplasarea \u00eenspre strada Urcu\u015fului, unde au fost acro\u015fa\u0163i trei pietoni\u201d, a transmis IPJ\u00a0Cluj.<\/p><p>\u0218oferul autoturismului a fost consultat \u0219i nu fost transportat la spital. Cei doi \u0219oferi au fost testa\u021bi cu aparatul etilotest, iar rezultatele au fost negative.<\/p><p>Sursa:spynews<\/p><\/blockquote>\n","protected":false},"excerpt":{"rendered":"<p>Un accident grav de circula\u021bie a avut loc , pe strada Frunzi\u0219ului din municipiul Cluj-Napoca. Un autoturism \u0219i o motociclet\u0103<\/p>\n","protected":false},"author":1,"featured_media":76615,"comment_status":"open","ping_status":"closed","sticky":false,"template":"","format":"standard","meta":{"spay_email":"","footnotes":"","jetpack_publicize_message":""},"categories":[1],"tags":[],"class_list":["post-78968","post","type-post","status-publish","format-standard","has-post-thumbnail","hentry","category-uncategorized"],"jetpack_featured_media_url":"https:\/\/i0.wp.com\/realitatearutiera.ro\/wp-content\/uploads\/2021\/06\/accident-rutier-cumplit-in-judetul-calarasi-3-tineri-au-murit-234493_c9aecdd6d8.jpg?fit=1920%2C1080&ssl=1","jetpack_publicize_connections":[],"jetpack_sharing_enabled":true,"jetpack_shortlink":"https:\/\/wp.me\/p61naM-kxG","jetpack-related-posts":[],"_links":{"self":[{"href":"https:\/\/realitatearutiera.ro\/index.php?rest_route=\/wp\/v2\/posts\/78968","targetHints":{"allow":["GET"]}}],"collection":[{"href":"https:\/\/realitatearutiera.ro\/index.php?rest_route=\/wp\/v2\/posts"}],"about":[{"href":"https:\/\/realitatearutiera.ro\/index.php?rest_route=\/wp\/v2\/types\/post"}],"author":[{"embeddable":true,"href":"https:\/\/realitatearutiera.ro\/index.php?rest_route=\/wp\/v2\/users\/1"}],"replies":[{"embeddable":true,"href":"https:\/\/realitatearutiera.ro\/index.php?rest_route=%2Fwp%2Fv2%2Fcomments&post=78968"}],"version-history":[{"count":1,"href":"https:\/\/realitatearutiera.ro\/index.php?rest_route=\/wp\/v2\/posts\/78968\/revisions"}],"predecessor-version":[{"id":78969,"href":"https:\/\/realitatearutiera.ro\/index.php?rest_route=\/wp\/v2\/posts\/78968\/revisions\/78969"}],"wp:featuredmedia":[{"embeddable":true,"href":"https:\/\/realitatearutiera.ro\/index.php?rest_route=\/wp\/v2\/media\/76615"}],"wp:attachment":[{"href":"https:\/\/realitatearutiera.ro\/index.php?rest_route=%2Fwp%2Fv2%2Fmedia&parent=78968"}],"wp:term":[{"taxonomy":"category","embeddable":true,"href":"https:\/\/realitatearutiera.ro\/index.php?rest_route=%2Fwp%2Fv2%2Fcategories&post=78968"},{"taxonomy":"post_tag","embeddable":true,"href":"https:\/\/realitatearutiera.ro\/index.php?rest_route=%2Fwp%2Fv2%2Ftags&post=78968"}],"curies":[{"name":"wp","href":"https:\/\/api.w.org\/{rel}","templated":true}]}}