{"id":79037,"date":"2021-09-14T10:18:02","date_gmt":"2021-09-14T07:18:02","guid":{"rendered":"http:\/\/realitatearutiera.ro\/?p=79037"},"modified":"2021-09-14T10:18:07","modified_gmt":"2021-09-14T07:18:07","slug":"a-10-sebes-alba-iulia-restrictii-de-trafic-pentru-efectuarea-de-lucrari","status":"publish","type":"post","link":"https:\/\/realitatearutiera.ro\/?p=79037","title":{"rendered":"A 10 SEBE\u0218-ALBA IULIA: RESTRIC\u021aII DE TRAFIC PENTRU EFECTUAREA DE LUCR\u0102RI"},"content":{"rendered":"\n<p><strong>Centrul INFOTRAFIC din Inspectoratul General al Poli\u021biei Rom\u00e2ne<\/strong>&nbsp;informeaz\u0103 c\u0103 ast\u0103zi, 14 septembrie, pe sensul c\u0103tre Alba-Iulia al autostr\u0103zii A10 Sebe\u0219-Alba Iulia se efectueaz\u0103 lucr\u0103ri de repara\u021bii la partea carosabil\u0103, fiind impuse restric\u021bii de circula\u021bie astfel:<\/p>\n\n\n\n<ul class=\"wp-block-list\"><li>km 10, calea 1, se&nbsp; restrictioneaza banda 1 \u0219i banda 2 pentru instalare senzori ITF, \u00eentre orele 08.00-18.00, se va circula pe banda de urgenta;<\/li><li>km 8+800-10+600, calea 1, se restrictioneaza banda 1 \u0219i banda 2 pentru executarea de marcaje rutiere rezonatoare \u00eentre orele 08.00-18.00, se va circula pe banda de urgent\u0103;<\/li><li>km 13+300-14+800, calea 1, se restrictioneaza banda 1 \u0219i banda 2 pentru executarea de marcaje rutiere rezonatoare \u00eentre orele 08.00-18.00, se va circula pe banda de urgen\u021b\u0103.<\/li><\/ul>\n\n\n\n<p><strong><em>Recomand\u0103m conduc\u0103torilor auto s\u0103 ruleze cu pruden\u021b\u0103 sporit\u0103, s\u0103 creasc\u0103 distan\u021ba de siguran\u021b\u0103 \u00eentre autovehicule \u015fi s\u0103 se asigure temeinic \u00eenaintea schimb\u0103rii benzii.<\/em><\/strong><\/p>\n","protected":false},"excerpt":{"rendered":"<p>Centrul INFOTRAFIC din Inspectoratul General al Poli\u021biei Rom\u00e2ne&nbsp;informeaz\u0103 c\u0103 ast\u0103zi, 14 septembrie, pe sensul c\u0103tre Alba-Iulia al autostr\u0103zii A10 Sebe\u0219-Alba<\/p>\n","protected":false},"author":1,"featured_media":79038,"comment_status":"open","ping_status":"closed","sticky":false,"template":"","format":"standard","meta":{"spay_email":"","footnotes":"","jetpack_publicize_message":""},"categories":[54],"tags":[],"class_list":["post-79037","post","type-post","status-publish","format-standard","has-post-thumbnail","hentry","category-informatii-rutiere"],"jetpack_featured_media_url":"https:\/\/i0.wp.com\/realitatearutiera.ro\/wp-content\/uploads\/2021\/09\/lucrari-autostrada-A1-01.jpg?fit=1600%2C1200&ssl=1","jetpack_publicize_connections":[],"jetpack_sharing_enabled":true,"jetpack_shortlink":"https:\/\/wp.me\/p61naM-kyN","jetpack-related-posts":[],"_links":{"self":[{"href":"https:\/\/realitatearutiera.ro\/index.php?rest_route=\/wp\/v2\/posts\/79037","targetHints":{"allow":["GET"]}}],"collection":[{"href":"https:\/\/realitatearutiera.ro\/index.php?rest_route=\/wp\/v2\/posts"}],"about":[{"href":"https:\/\/realitatearutiera.ro\/index.php?rest_route=\/wp\/v2\/types\/post"}],"author":[{"embeddable":true,"href":"https:\/\/realitatearutiera.ro\/index.php?rest_route=\/wp\/v2\/users\/1"}],"replies":[{"embeddable":true,"href":"https:\/\/realitatearutiera.ro\/index.php?rest_route=%2Fwp%2Fv2%2Fcomments&post=79037"}],"version-history":[{"count":1,"href":"https:\/\/realitatearutiera.ro\/index.php?rest_route=\/wp\/v2\/posts\/79037\/revisions"}],"predecessor-version":[{"id":79039,"href":"https:\/\/realitatearutiera.ro\/index.php?rest_route=\/wp\/v2\/posts\/79037\/revisions\/79039"}],"wp:featuredmedia":[{"embeddable":true,"href":"https:\/\/realitatearutiera.ro\/index.php?rest_route=\/wp\/v2\/media\/79038"}],"wp:attachment":[{"href":"https:\/\/realitatearutiera.ro\/index.php?rest_route=%2Fwp%2Fv2%2Fmedia&parent=79037"}],"wp:term":[{"taxonomy":"category","embeddable":true,"href":"https:\/\/realitatearutiera.ro\/index.php?rest_route=%2Fwp%2Fv2%2Fcategories&post=79037"},{"taxonomy":"post_tag","embeddable":true,"href":"https:\/\/realitatearutiera.ro\/index.php?rest_route=%2Fwp%2Fv2%2Ftags&post=79037"}],"curies":[{"name":"wp","href":"https:\/\/api.w.org\/{rel}","templated":true}]}}