{"id":79178,"date":"2021-09-17T09:16:29","date_gmt":"2021-09-17T06:16:29","guid":{"rendered":"http:\/\/realitatearutiera.ro\/?p=79178"},"modified":"2021-09-17T09:16:34","modified_gmt":"2021-09-17T06:16:34","slug":"accident-socant-transmis-live-pe-facebook-soldat-cu-un-mort-si-sase-raniti-in-buzau","status":"publish","type":"post","link":"https:\/\/realitatearutiera.ro\/?p=79178","title":{"rendered":"Accident \u0219ocant transmis live pe Facebook, soldat cu un mort \u0219i \u0219ase r\u0103ni\u021bi, \u00een Buz\u0103u"},"content":{"rendered":"\n<p>Un accident grav a avut loc noaptea trecut\u0103 \u00een jude\u021bul Buz\u0103u. O ma\u0219in\u0103 a intrat \u00een plin \u00eentr-un alt autoturism, iar bilan\u021bul este unul grav: un mort \u0219i \u0219ase persoane grav r\u0103nite, transportate de urgen\u021b\u0103 la spital. Totul a fost transmis live pe Facebook iar imaginile spun totul despre modul \u00een care a avut loc tragedia.<\/p>\n\n\n\n<figure class=\"wp-block-image is-resized\"><img loading=\"lazy\" decoding=\"async\" src=\"https:\/\/img.spynews.ro\/?u=https%3A%2F%2Fspynews.ro%2Fuploads%2Fmodules%2Fnews%2F0%2F2021%2F9%2F16%2F261494%2Faccidentbuzau.jpg&amp;w=700\" alt=\"Accident \u0219ocant transmis live pe Facebook, soldat cu un mort \u0219i \u0219ase r\u0103ni\u021bi, \u00een Buz\u0103u \/ VIDEO\" width=\"464\" height=\"296\"\/><\/figure>\n\n\n\n<p><a href=\"https:\/\/spynews.ro\/galerie\/accident-socant-transmis-live-pe-facebook-soldat-cu-un-mort-si-sase-raniti-in-buzau-video-id261494-play0.html\"><\/a><\/p>\n\n\n\n<p>Un b\u0103rbat a murit, iar alte \u0219ase au fost transportat \u00een stare foarte grav\u0103 la spital, dup\u0103 ce un teribil accident a avut loc pe raza localit\u0103\u021bii \u021ainte\u0219ti, din jude\u021bul Buz\u0103u. Scenele \u0219ocante au fost transmise live pe Faceeok, una dintre pasagerele din ma\u0219ina care a intrat \u00een coliziune cu o alta fiind \u00een direct pe re\u021beaua de socializare.<\/p>\n\n\n\n<h2 class=\"wp-block-heading\">Accident grav \u00een Buz\u0103u, transmis \u00een direct pe Facebook<\/h2>\n\n\n\n<p>Totul s-a \u00eent\u00e2mplat seara trecut\u0103, \u00een jurul orei 22:00, pe DN 2B, pe ra\u021ba localit\u0103\u021bii \u021ainte\u0219ti, din jude\u021bul Buz\u0103u. Autorit\u0103\u021bile au informat c\u0103, \u00een timp ce conducea un autoturism scump, \u0219oferul de 56 de ani, din Tulcea, a intrat \u00een coliziune cu un alt conduc\u0103tor auto, de 38 de ani, din Br\u0103ila, ce se deplasa pe aceea\u0219i direc\u021bie. \u00cen urma impactului, ambele autoturisme au ie\u0219it \u00een afara carosabilului.<\/p>\n\n\n\n<p>Accidentul s-a soldat cu moartea \u0219oferului de 56 de ani vinovat pentru accident, dar \u0219i cu r\u0103nirea grav\u0103 a \u0219ase persoane. Acestea au fost transportate la Spitalul Jude\u021bean Buz\u0103u cu fracturi serioase. Una dintre pasagerele cu care se afla \u0219oferul din Tulcea \u00een ma\u0219in\u0103, transmitea live pe Facebook imagini din timpul deplas\u0103rii. \u0218i pasagerul din dreapta victimei era \u00een direct, muzica dat\u0103 la maxim, iar viteza p\u0103rea a fi excesiv\u0103, toate acestea duc\u00e2nd la un deznod\u0103m\u00e2nt tragic.<\/p>\n\n\n\n<p>Sursa:spynews<\/p>\n","protected":false},"excerpt":{"rendered":"<p>Un accident grav a avut loc noaptea trecut\u0103 \u00een jude\u021bul Buz\u0103u. O ma\u0219in\u0103 a intrat \u00een plin \u00eentr-un alt autoturism,<\/p>\n","protected":false},"author":1,"featured_media":78600,"comment_status":"open","ping_status":"closed","sticky":false,"template":"","format":"standard","meta":{"spay_email":"","footnotes":"","jetpack_publicize_message":""},"categories":[1],"tags":[],"class_list":["post-79178","post","type-post","status-publish","format-standard","has-post-thumbnail","hentry","category-uncategorized"],"jetpack_featured_media_url":"https:\/\/i0.wp.com\/realitatearutiera.ro\/wp-content\/uploads\/2021\/08\/Accident.jpg?fit=726%2C490&ssl=1","jetpack_publicize_connections":[],"jetpack_sharing_enabled":true,"jetpack_shortlink":"https:\/\/wp.me\/p61naM-kB4","jetpack-related-posts":[],"_links":{"self":[{"href":"https:\/\/realitatearutiera.ro\/index.php?rest_route=\/wp\/v2\/posts\/79178","targetHints":{"allow":["GET"]}}],"collection":[{"href":"https:\/\/realitatearutiera.ro\/index.php?rest_route=\/wp\/v2\/posts"}],"about":[{"href":"https:\/\/realitatearutiera.ro\/index.php?rest_route=\/wp\/v2\/types\/post"}],"author":[{"embeddable":true,"href":"https:\/\/realitatearutiera.ro\/index.php?rest_route=\/wp\/v2\/users\/1"}],"replies":[{"embeddable":true,"href":"https:\/\/realitatearutiera.ro\/index.php?rest_route=%2Fwp%2Fv2%2Fcomments&post=79178"}],"version-history":[{"count":1,"href":"https:\/\/realitatearutiera.ro\/index.php?rest_route=\/wp\/v2\/posts\/79178\/revisions"}],"predecessor-version":[{"id":79179,"href":"https:\/\/realitatearutiera.ro\/index.php?rest_route=\/wp\/v2\/posts\/79178\/revisions\/79179"}],"wp:featuredmedia":[{"embeddable":true,"href":"https:\/\/realitatearutiera.ro\/index.php?rest_route=\/wp\/v2\/media\/78600"}],"wp:attachment":[{"href":"https:\/\/realitatearutiera.ro\/index.php?rest_route=%2Fwp%2Fv2%2Fmedia&parent=79178"}],"wp:term":[{"taxonomy":"category","embeddable":true,"href":"https:\/\/realitatearutiera.ro\/index.php?rest_route=%2Fwp%2Fv2%2Fcategories&post=79178"},{"taxonomy":"post_tag","embeddable":true,"href":"https:\/\/realitatearutiera.ro\/index.php?rest_route=%2Fwp%2Fv2%2Ftags&post=79178"}],"curies":[{"name":"wp","href":"https:\/\/api.w.org\/{rel}","templated":true}]}}