{"id":79934,"date":"2021-10-25T12:16:24","date_gmt":"2021-10-25T09:16:24","guid":{"rendered":"http:\/\/realitatearutiera.ro\/?p=79934"},"modified":"2021-10-25T12:16:29","modified_gmt":"2021-10-25T09:16:29","slug":"prahova-un-sofer-beat-care-a-fugit-de-la-locul-unui-accident-cu-5-victime-retinut-de-politisti","status":"publish","type":"post","link":"https:\/\/realitatearutiera.ro\/?p=79934","title":{"rendered":"Prahova: Un \u015fofer beat care a fugit de la locul unui accident cu 5 victime, re\u0163inut de poli\u0163i\u015fti"},"content":{"rendered":"\n<p><strong>Un \u015fofer de 20 de ani care a fugit de la locul unui accident soldat cu cinci victime a fost re\u0163inut de poli\u0163i\u015fti, ace\u015ftia stabilind c\u0103 el, dar \u015fi cel de-al doilea \u015fofer implicat \u00een evenimentul rutier se aflau sub influen\u0163a b\u0103uturilor alcoolice, a informat, duminic\u0103, Poli\u0163ia Prahova.<\/strong><\/p>\n\n\n\n<figure class=\"wp-block-image is-resized\"><img loading=\"lazy\" decoding=\"async\" src=\"https:\/\/i1.wp.com\/media.gandul.ro\/unsafe\/1260x709\/smart\/filters:contrast(5):format(webp):quality(80)\/http:\/\/gandul.ro\/wp-content\/uploads\/2021\/10\/accident-Valea-Oltului-5-spanioli-raniti3.png?resize=608%2C341&#038;ssl=1\" alt=\"Prahova: Un \u015fofer beat care a fugit de la locul unui accident cu 5 victime, re\u0163inut de poli\u0163i\u015fti\" width=\"608\" height=\"341\" data-recalc-dims=\"1\" \/><\/figure>\n\n\n\n<p>Conform sursei citate, poli\u0163i\u015ftii Biroului Rutier Ploie\u015fti au fost sesiza\u0163i, \u00een cursul nop\u0163ii de s\u00e2mb\u0103t\u0103 spre duminic\u0103, despre faptul c\u0103 pe DJ 100B<a href=\"https:\/\/www.gandul.ro\/actualitate\/accident-grav-in-arges-un-bmw-cu-patru-tineri-la-bord-s-a-rasturnat-imagini-de-la-fata-locului-19705119\">&nbsp;s-ar fi produs un accident rutier<\/a>&nbsp;soldat cu r\u0103nirea mai multor persoane, relateaz\u0103 Agerpres.<\/p>\n\n\n\n<blockquote class=\"wp-block-quote is-layout-flow wp-block-quote-is-layout-flow\"><p>\u201eDin primele cercet\u0103ri efectuate la fa\u0163a locului, se pare c\u0103 un t\u00e2n\u0103r \u00een v\u00e2rst\u0103 de 20 de ani, \u00een timp ce se afla la volanul autoturismului, \u00een afara localit\u0103\u0163ii Lacul Turcului, pe sensul de mers c\u0103tre Gherghi\u0163a, ar fi pierdut controlul autoturismului \u015fi ar fi intrat \u00een coliziune cu un alt autoturism. \u00cen urma producerii accidentului a rezultat v\u0103t\u0103marea corporal\u0103 a 5 persoane. Conduc\u0103torul autoturismului, \u00een v\u00e2rst\u0103 de 20 de ani, a p\u0103r\u0103sit locul accidentului, fiind identificat la scurt timp de poli\u0163i\u015fti, pe raza localit\u0103\u0163ii B\u00eera, comuna Balta Doamnei\u201d, precizeaz\u0103 sursa citat\u0103.<\/p><cite>Cei doi \u015foferi, respectiv un b\u0103rbat de 38 de ani \u015fi t\u00e2n\u0103rul de 20 de ani,\u00a0<a href=\"https:\/\/www.gandul.ro\/auto\/companiile-de-asigurari-accepta-plata-politelor-rca-in-rate-19704986\">au fost testa\u0163i cu aparatul etilotest, stabilindu-se c\u0103 ambii se aflau sub influen\u0163a b\u0103uturilor alcoolice.<\/a><br>\u00cen urma administr\u0103rii probatoriului, \u015foferul \u00een v\u00e2rst\u0103 de 20 de ani, din comuna Olari, a fost re\u0163inut pentru 24 de ore, urm\u00e2nd s\u0103 fie prezentat unit\u0103\u0163ii de parchet cu propunere de luare a unei alte m\u0103suri preventive.<\/cite><\/blockquote>\n\n\n\n<p>Sursa:gandul<\/p>\n","protected":false},"excerpt":{"rendered":"<p>Un \u015fofer de 20 de ani care a fugit de la locul unui accident soldat cu cinci victime a fost<\/p>\n","protected":false},"author":1,"featured_media":74790,"comment_status":"open","ping_status":"closed","sticky":false,"template":"","format":"standard","meta":{"spay_email":"","footnotes":"","jetpack_publicize_message":""},"categories":[1],"tags":[],"class_list":["post-79934","post","type-post","status-publish","format-standard","has-post-thumbnail","hentry","category-uncategorized"],"jetpack_featured_media_url":"https:\/\/i2.wp.com\/realitatearutiera.ro\/wp-content\/uploads\/2021\/03\/masina-politia-rutiera.jpg?fit=620%2C348&ssl=1","jetpack_publicize_connections":[],"jetpack_sharing_enabled":true,"jetpack_shortlink":"https:\/\/wp.me\/p61naM-kNg","jetpack-related-posts":[],"_links":{"self":[{"href":"https:\/\/realitatearutiera.ro\/index.php?rest_route=\/wp\/v2\/posts\/79934","targetHints":{"allow":["GET"]}}],"collection":[{"href":"https:\/\/realitatearutiera.ro\/index.php?rest_route=\/wp\/v2\/posts"}],"about":[{"href":"https:\/\/realitatearutiera.ro\/index.php?rest_route=\/wp\/v2\/types\/post"}],"author":[{"embeddable":true,"href":"https:\/\/realitatearutiera.ro\/index.php?rest_route=\/wp\/v2\/users\/1"}],"replies":[{"embeddable":true,"href":"https:\/\/realitatearutiera.ro\/index.php?rest_route=%2Fwp%2Fv2%2Fcomments&post=79934"}],"version-history":[{"count":1,"href":"https:\/\/realitatearutiera.ro\/index.php?rest_route=\/wp\/v2\/posts\/79934\/revisions"}],"predecessor-version":[{"id":79935,"href":"https:\/\/realitatearutiera.ro\/index.php?rest_route=\/wp\/v2\/posts\/79934\/revisions\/79935"}],"wp:featuredmedia":[{"embeddable":true,"href":"https:\/\/realitatearutiera.ro\/index.php?rest_route=\/wp\/v2\/media\/74790"}],"wp:attachment":[{"href":"https:\/\/realitatearutiera.ro\/index.php?rest_route=%2Fwp%2Fv2%2Fmedia&parent=79934"}],"wp:term":[{"taxonomy":"category","embeddable":true,"href":"https:\/\/realitatearutiera.ro\/index.php?rest_route=%2Fwp%2Fv2%2Fcategories&post=79934"},{"taxonomy":"post_tag","embeddable":true,"href":"https:\/\/realitatearutiera.ro\/index.php?rest_route=%2Fwp%2Fv2%2Ftags&post=79934"}],"curies":[{"name":"wp","href":"https:\/\/api.w.org\/{rel}","templated":true}]}}