{"id":8004,"date":"2016-03-24T10:23:56","date_gmt":"2016-03-24T07:23:56","guid":{"rendered":"http:\/\/realitatearutiera.ro\/?p=8004"},"modified":"2016-03-24T10:23:56","modified_gmt":"2016-03-24T07:23:56","slug":"soferul-care-a-sicanat-doi-soferi-in-trafic-a-ajuns-la-psihiatrie-vezi-aici-video","status":"publish","type":"post","link":"https:\/\/realitatearutiera.ro\/?p=8004","title":{"rendered":"\u015eoferul care a \u015ficanat doi soferi \u00een trafic a ajuns la psihiatrie. Vezi aici VIDEO!"},"content":{"rendered":"<p>B\u0103rbatul filmat \u00een trafic \u00een curbele de la Oituz Bre\u0163u \u00een timp ce a \u015ficanat, pe 13 martie, conduc\u0103torul unui TIR, a fost internat zilele trecute la sec\u0163ia de psihiatrie din One\u015fti. Conduc\u0103torul ma\u015finii BC-06-PNP a mai fost filmat \u00een timp ce manifesta un comportament agresiv, inexplicabil, \u00eentr-o parcare de la Poiana S\u0103rat\u0103.<br \/>\nUn one\u015ftean, care a f\u0103cut spectacol \u00een curbele periculoase de la Oituz-Bre\u0163cu, pe 13 martie, c\u00e2nd a \u015ficanat un \u015fofer al unui tir, a fost internat la psihiatrie. Cu o zi \u00eenainte, el a fost filmat \u00een timp ce-\u015fi manifesta nervozitatea \u00een popasul de la Poiana S\u0103rat\u0103, unde a agresat un alt conduc\u0103tor auto. \u201ePe 14 martie a ajuns la psihiatrie, adus de poli\u0163i\u015fti \u015fi jandarmi\u201c, a spus medicul psihiatru Dan Ciobanu, de la One\u015fti, pentru emisiunea Observator. Potrivit aceleia\u015fi surse, b\u0103rbatul fusese p\u0103r\u0103sit de so\u0163ie, care a ob\u0163inut un ordin de restric\u0163ie, dup\u0103 ce acesta a avut un comportament violent. \u00cen cazul lui se va efectua o expertiz\u0103, iar dac\u0103 aceasta va confirma c\u0103 este prea periculos pentru a mai conduce un vehicol, i se va interzice acest drept.<\/p>\n<p><span class=\"embed-youtube\" style=\"text-align:center; display: block;\"><iframe class='youtube-player' width='800' height='450' src='https:\/\/www.youtube.com\/embed\/DlLnAyC2WZk?version=3&#038;rel=1&#038;fs=1&#038;autohide=2&#038;showsearch=0&#038;showinfo=1&#038;iv_load_policy=1&#038;wmode=transparent' allowfullscreen='true' style='border:0;'><\/iframe><\/span><\/p>\n<p>&nbsp;<\/p>\n","protected":false},"excerpt":{"rendered":"<p>B\u0103rbatul filmat \u00een trafic \u00een curbele de la Oituz Bre\u0163u \u00een timp ce a \u015ficanat, pe 13 martie, conduc\u0103torul unui<\/p>\n","protected":false},"author":1,"featured_media":7536,"comment_status":"open","ping_status":"open","sticky":false,"template":"","format":"standard","meta":{"spay_email":"","footnotes":"","jetpack_publicize_message":""},"categories":[11],"tags":[],"class_list":["post-8004","post","type-post","status-publish","format-standard","has-post-thumbnail","hentry","category-stiri-interne"],"jetpack_featured_media_url":"https:\/\/i2.wp.com\/realitatearutiera.ro\/wp-content\/uploads\/2016\/02\/s560x316_Sofer_nervos.jpg?fit=560%2C315&ssl=1","jetpack_publicize_connections":[],"jetpack_sharing_enabled":true,"jetpack_shortlink":"https:\/\/wp.me\/p61naM-256","jetpack-related-posts":[],"_links":{"self":[{"href":"https:\/\/realitatearutiera.ro\/index.php?rest_route=\/wp\/v2\/posts\/8004","targetHints":{"allow":["GET"]}}],"collection":[{"href":"https:\/\/realitatearutiera.ro\/index.php?rest_route=\/wp\/v2\/posts"}],"about":[{"href":"https:\/\/realitatearutiera.ro\/index.php?rest_route=\/wp\/v2\/types\/post"}],"author":[{"embeddable":true,"href":"https:\/\/realitatearutiera.ro\/index.php?rest_route=\/wp\/v2\/users\/1"}],"replies":[{"embeddable":true,"href":"https:\/\/realitatearutiera.ro\/index.php?rest_route=%2Fwp%2Fv2%2Fcomments&post=8004"}],"version-history":[{"count":1,"href":"https:\/\/realitatearutiera.ro\/index.php?rest_route=\/wp\/v2\/posts\/8004\/revisions"}],"predecessor-version":[{"id":8005,"href":"https:\/\/realitatearutiera.ro\/index.php?rest_route=\/wp\/v2\/posts\/8004\/revisions\/8005"}],"wp:featuredmedia":[{"embeddable":true,"href":"https:\/\/realitatearutiera.ro\/index.php?rest_route=\/wp\/v2\/media\/7536"}],"wp:attachment":[{"href":"https:\/\/realitatearutiera.ro\/index.php?rest_route=%2Fwp%2Fv2%2Fmedia&parent=8004"}],"wp:term":[{"taxonomy":"category","embeddable":true,"href":"https:\/\/realitatearutiera.ro\/index.php?rest_route=%2Fwp%2Fv2%2Fcategories&post=8004"},{"taxonomy":"post_tag","embeddable":true,"href":"https:\/\/realitatearutiera.ro\/index.php?rest_route=%2Fwp%2Fv2%2Ftags&post=8004"}],"curies":[{"name":"wp","href":"https:\/\/api.w.org\/{rel}","templated":true}]}}