{"id":80389,"date":"2021-11-08T11:42:14","date_gmt":"2021-11-08T09:42:14","guid":{"rendered":"http:\/\/realitatearutiera.ro\/?p=80389"},"modified":"2021-11-08T11:42:19","modified_gmt":"2021-11-08T09:42:19","slug":"veste-buna-pentru-soferi-transalpina-deschisa-pe-perioada-iernii-in-timpul-zilei","status":"publish","type":"post","link":"https:\/\/realitatearutiera.ro\/?p=80389","title":{"rendered":"Veste bun\u0103 pentru \u0219oferi: Transalpina, deschis\u0103 pe perioada iernii \u00een timpul zilei"},"content":{"rendered":"\n<p>\u0218oferii din Rom\u00e2nia au parte de o veste bun\u0103. Drumul Na\u021bional 67 C (Transaplina) va r\u0103m\u00e2ne deschis \u0219i pe perioada iernii, \u00een timpul zilei, dar cu anumite restric\u021bii.Pe parcursul iernii \u0219oferii pot circula pe tronsonul cuprins \u00eentre Ob\u00e2r\u0219ia Lotrului \u0219i Curp\u0103t. Anun\u021bul a fost f\u0103cut de Institu\u021biile Prefectului V\u00e2lcea \u0219i Alba.<\/p>\n\n\n\n<p>Decizia a fost luat\u0103 de Sebastian F\u00e2rtat, prefectul jude\u021bului V\u00e2lcea, \u0219i Nicolae Albu, prefectului jude\u021bului Alba, pentru a facilita accesul turi\u0219tilor \u00een zon\u0103.<\/p>\n\n\n\n<h2 class=\"wp-block-heading\">Transalpina, deschis\u0103 \u0219i iarn\u0103. Ce restric\u021bii vor fi<\/h2>\n\n\n\n<p>Transalpina r\u0103m\u00e2ne deschis\u0103 pentru turi\u0219ti \u0219i iarna \u00een timpul zilei, dar vor fi \u0219i restric\u021bii, potrivit&nbsp;<a href=\"https:\/\/www.g4media.ro\/transalpina-ramane-deschisa-pe-perioada-iernii-in-cursul-zilei-cu-restrictii-de-tonaj-si-de-viteza.html\" target=\"_blank\" rel=\"noreferrer noopener\">G4Media:<\/a><\/p>\n\n\n\n<p>\u2013 Ma\u0219inile vor circula cu o vitez\u0103 de 30 de km\/h<\/p>\n\n\n\n<p>\u2013 Nu pot circa ma\u0219inile care dep\u0103\u0219esc 7,5 tone<\/p>\n\n\n\n<p>\u2013 Circula\u021bia va fi deschis\u0103 \u00een intervalul orar 08:00-18:00<\/p>\n\n\n\n<p>\u2013 Nu se poate circula pe timpul nop\u021bii, \u00een intervalul orar 18:00-08:00<\/p>\n\n\n\n<p>\u2013 Circula\u021bia ar putea fi restric\u021bionat\u0103 \u00een func\u021bie de condi\u021biile meteorologice (cea\u021b\u0103, ploi toren\u021biale, furtun\u0103, ninsori, etc.), dar \u0219i dac\u0103 sunt c\u0103deri de st\u00e2nci pe sectorul de drum DN 67C km 61+160 \u2013 km 79+200.<\/p>\n\n\n\n<h2 class=\"wp-block-heading\">Transf\u0103g\u0103r\u0103\u0219anul, \u00eenchis din octombrie<\/h2>\n\n\n\n<p>Dac\u0103 Transalpina r\u0103m\u00e2ne deschis\u0103 \u0219i pe perioada iernii, nu acela\u0219i lucru se poate spune \u0219i despre un alt drum popular din Rom\u00e2nia \u2013&nbsp;<a href=\"https:\/\/www.promotor.ro\/stiri-auto\/este-oficial-a-fost-inchis-transfagarasanul-transalpina-ramane-de-asemenea-inchisa-18921226\">Transf\u0103g\u0103r\u0103\u0219an<\/a>.<\/p>\n\n\n\n<p>Transf\u0103g\u0103r\u0103\u0219anul, \u0219oseaua montan\u0103 care leag\u0103 jude\u021bul Arge\u0219 de jude\u021bul Sibiu, a fost \u00eenchis de luni, 25 octombrie. M\u0103sura a fost anun\u021bat\u0103 de compania na\u021bional\u0103 de drumuri CNAIR.<\/p>\n\n\n\n<p>Dup\u0103 ce&nbsp;a am\u00e2nat momentul \u00eenchiderii DN7C \u00eentre Piscu Negru \u0219i B\u00e2lea Cascad\u0103, pe data de 20 octombrie, CNAIR a luat decizia pentru data de 25 octombrie. Astfel, circula\u021bia va fi \u00eenchis\u0103 de la kilometrul 104+000 (Piscu Negru) p\u00e2n\u0103 la kilometrul 130+800 (Cabana B\u00e2lea Cascad\u0103). Sectorul de drum \u00eenchis circula\u021biei va fi semnalizat corespunz\u0103tor.<\/p>\n\n\n\n<p>M\u0103sura a fost adoptat\u0103 de Comisia de Revizuire Special\u0103 din cadrul CNAIR conform Normativului privind circula\u021bia rutier\u0103 pe drumurile montane, DN 7C \u015fi DN 67C, care prevede oprirea circula\u021biei pe Transf\u0103g\u0103r\u0103\u015fan.<\/p>\n\n\n\n<p>Sursa:promotor<\/p>\n","protected":false},"excerpt":{"rendered":"<p>\u0218oferii din Rom\u00e2nia au parte de o veste bun\u0103. Drumul Na\u021bional 67 C (Transaplina) va r\u0103m\u00e2ne deschis \u0219i pe perioada<\/p>\n","protected":false},"author":1,"featured_media":80390,"comment_status":"open","ping_status":"closed","sticky":false,"template":"","format":"standard","meta":{"spay_email":"","footnotes":"","jetpack_publicize_message":""},"categories":[82],"tags":[],"class_list":["post-80389","post","type-post","status-publish","format-standard","has-post-thumbnail","hentry","category-auto"],"jetpack_featured_media_url":"https:\/\/i2.wp.com\/realitatearutiera.ro\/wp-content\/uploads\/2021\/11\/2-transalpina-14.jpg?fit=1054%2C700&ssl=1","jetpack_publicize_connections":[],"jetpack_sharing_enabled":true,"jetpack_shortlink":"https:\/\/wp.me\/p61naM-kUB","jetpack-related-posts":[],"_links":{"self":[{"href":"https:\/\/realitatearutiera.ro\/index.php?rest_route=\/wp\/v2\/posts\/80389","targetHints":{"allow":["GET"]}}],"collection":[{"href":"https:\/\/realitatearutiera.ro\/index.php?rest_route=\/wp\/v2\/posts"}],"about":[{"href":"https:\/\/realitatearutiera.ro\/index.php?rest_route=\/wp\/v2\/types\/post"}],"author":[{"embeddable":true,"href":"https:\/\/realitatearutiera.ro\/index.php?rest_route=\/wp\/v2\/users\/1"}],"replies":[{"embeddable":true,"href":"https:\/\/realitatearutiera.ro\/index.php?rest_route=%2Fwp%2Fv2%2Fcomments&post=80389"}],"version-history":[{"count":1,"href":"https:\/\/realitatearutiera.ro\/index.php?rest_route=\/wp\/v2\/posts\/80389\/revisions"}],"predecessor-version":[{"id":80391,"href":"https:\/\/realitatearutiera.ro\/index.php?rest_route=\/wp\/v2\/posts\/80389\/revisions\/80391"}],"wp:featuredmedia":[{"embeddable":true,"href":"https:\/\/realitatearutiera.ro\/index.php?rest_route=\/wp\/v2\/media\/80390"}],"wp:attachment":[{"href":"https:\/\/realitatearutiera.ro\/index.php?rest_route=%2Fwp%2Fv2%2Fmedia&parent=80389"}],"wp:term":[{"taxonomy":"category","embeddable":true,"href":"https:\/\/realitatearutiera.ro\/index.php?rest_route=%2Fwp%2Fv2%2Fcategories&post=80389"},{"taxonomy":"post_tag","embeddable":true,"href":"https:\/\/realitatearutiera.ro\/index.php?rest_route=%2Fwp%2Fv2%2Ftags&post=80389"}],"curies":[{"name":"wp","href":"https:\/\/api.w.org\/{rel}","templated":true}]}}