{"id":80414,"date":"2021-11-09T09:23:44","date_gmt":"2021-11-09T07:23:44","guid":{"rendered":"http:\/\/realitatearutiera.ro\/?p=80414"},"modified":"2021-11-09T09:23:49","modified_gmt":"2021-11-09T07:23:49","slug":"accident-cu-un-tir-si-o-masina-la-pascani","status":"publish","type":"post","link":"https:\/\/realitatearutiera.ro\/?p=80414","title":{"rendered":"Accident cu un TIR \u0219i o ma\u0219in\u0103 la Pa\u0219cani"},"content":{"rendered":"\n<p>Un accident de circula\u021bie cu victime a avut loc \u00een acast\u0103 diminea\u021b\u0103 la Pa\u0219cani<\/p>\n\n\n\n<p>Potrivit poli\u021bi\u0219tilor, \u00een jurul orei 4 diminea\u021ba, un TUR a lovit un autoturism.<\/p>\n\n\n\n<figure class=\"wp-block-image is-resized\"><img loading=\"lazy\" decoding=\"async\" src=\"https:\/\/i0.wp.com\/www.ziaruldeiasi.ro\/data\/_editor\/images\/accident%20pascani%20%281%29.jpeg?resize=449%2C599&#038;ssl=1\" alt=\"\" width=\"449\" height=\"599\" data-recalc-dims=\"1\" \/><\/figure>\n\n\n\n<figure class=\"wp-block-image is-resized\"><img loading=\"lazy\" decoding=\"async\" src=\"https:\/\/i1.wp.com\/www.ziaruldeiasi.ro\/data\/_editor\/images\/accident%20pascani%20%282%29.jpeg?resize=456%2C608&#038;ssl=1\" alt=\"\" width=\"456\" height=\"608\" data-recalc-dims=\"1\" \/><\/figure>\n\n\n\n<p>\u00cen urma impactului a rezultat o victim\u0103 care a fost dus\u0103 la spital.<\/p>\n\n\n\n<figure class=\"wp-block-image is-resized\"><img loading=\"lazy\" decoding=\"async\" src=\"https:\/\/i2.wp.com\/www.ziaruldeiasi.ro\/data\/_editor\/images\/accident%20pascani%20%283%29.jpeg?resize=458%2C611&#038;ssl=1\" alt=\"\" width=\"458\" height=\"611\" data-recalc-dims=\"1\" \/><\/figure>\n\n\n\n<figure class=\"wp-block-image is-resized\"><img loading=\"lazy\" decoding=\"async\" src=\"https:\/\/i2.wp.com\/www.ziaruldeiasi.ro\/data\/_editor\/images\/accident%20pascani%20%284%29.jpeg?resize=449%2C599&#038;ssl=1\" alt=\"\" width=\"449\" height=\"599\" data-recalc-dims=\"1\" \/><\/figure>\n\n\n\n<p>La fa\u021ba locului au fost trimise mai multe echipaje ISU fiind semnalate scurgeri de carburant.<\/p>\n\n\n\n<p>Sursa:ziaruldeiasi<\/p>\n","protected":false},"excerpt":{"rendered":"<p>Un accident de circula\u021bie cu victime a avut loc \u00een acast\u0103 diminea\u021b\u0103 la Pa\u0219cani Potrivit poli\u021bi\u0219tilor, \u00een jurul orei 4<\/p>\n","protected":false},"author":1,"featured_media":78272,"comment_status":"open","ping_status":"closed","sticky":false,"template":"","format":"standard","meta":{"spay_email":"","footnotes":"","jetpack_publicize_message":""},"categories":[1],"tags":[],"class_list":["post-80414","post","type-post","status-publish","format-standard","has-post-thumbnail","hentry","category-uncategorized"],"jetpack_featured_media_url":"https:\/\/i1.wp.com\/realitatearutiera.ro\/wp-content\/uploads\/2021\/08\/accident-ambulanta-poza-buna_38226a0861_debf7d32c9.jpg?fit=1920%2C1080&ssl=1","jetpack_publicize_connections":[],"jetpack_sharing_enabled":true,"jetpack_shortlink":"https:\/\/wp.me\/p61naM-kV0","jetpack-related-posts":[],"_links":{"self":[{"href":"https:\/\/realitatearutiera.ro\/index.php?rest_route=\/wp\/v2\/posts\/80414","targetHints":{"allow":["GET"]}}],"collection":[{"href":"https:\/\/realitatearutiera.ro\/index.php?rest_route=\/wp\/v2\/posts"}],"about":[{"href":"https:\/\/realitatearutiera.ro\/index.php?rest_route=\/wp\/v2\/types\/post"}],"author":[{"embeddable":true,"href":"https:\/\/realitatearutiera.ro\/index.php?rest_route=\/wp\/v2\/users\/1"}],"replies":[{"embeddable":true,"href":"https:\/\/realitatearutiera.ro\/index.php?rest_route=%2Fwp%2Fv2%2Fcomments&post=80414"}],"version-history":[{"count":1,"href":"https:\/\/realitatearutiera.ro\/index.php?rest_route=\/wp\/v2\/posts\/80414\/revisions"}],"predecessor-version":[{"id":80415,"href":"https:\/\/realitatearutiera.ro\/index.php?rest_route=\/wp\/v2\/posts\/80414\/revisions\/80415"}],"wp:featuredmedia":[{"embeddable":true,"href":"https:\/\/realitatearutiera.ro\/index.php?rest_route=\/wp\/v2\/media\/78272"}],"wp:attachment":[{"href":"https:\/\/realitatearutiera.ro\/index.php?rest_route=%2Fwp%2Fv2%2Fmedia&parent=80414"}],"wp:term":[{"taxonomy":"category","embeddable":true,"href":"https:\/\/realitatearutiera.ro\/index.php?rest_route=%2Fwp%2Fv2%2Fcategories&post=80414"},{"taxonomy":"post_tag","embeddable":true,"href":"https:\/\/realitatearutiera.ro\/index.php?rest_route=%2Fwp%2Fv2%2Ftags&post=80414"}],"curies":[{"name":"wp","href":"https:\/\/api.w.org\/{rel}","templated":true}]}}