{"id":80419,"date":"2021-11-09T09:58:36","date_gmt":"2021-11-09T07:58:36","guid":{"rendered":"http:\/\/realitatearutiera.ro\/?p=80419"},"modified":"2021-11-09T09:58:41","modified_gmt":"2021-11-09T07:58:41","slug":"masina-incendiata-in-miez-de-noapte-in-orasul-macin","status":"publish","type":"post","link":"https:\/\/realitatearutiera.ro\/?p=80419","title":{"rendered":"Ma\u0219in\u0103 incendiat\u0103 \u00een miez de noapte \u00een ora\u0219ul M\u0103cin"},"content":{"rendered":"\n<p>Un incendiu a izbucnit \u00een plin\u0103 noapte la o autoutilitar\u0103 din ora\u0219ul M\u0103cin. Automobilul a ars \u00een propor\u021bie de 70%. Pompierii iau \u00een considerare ipoteza ca focul s\u0103 fi fost pus inten\u021bionat.<\/p>\n\n\n\n<p>\u00cen jurul orei 03:15, dispeceratul Inspectoratului pentru Situa\u021bii de Urgen\u021b\u0103 (ISU) \u201cDelta\u201d al jude\u021bului Tulcea a fost alertat cu privire la izbucnirea unui incendiu, la o autoutilitar\u0103, parcat\u0103 \u00een ora\u0219ul M\u0103cin.<\/p>\n\n\n\n<p>La fa\u021ba locului s-au deplasat 12 subofi\u021beri din cadrul Sec\u021biei de Pompieri M\u0103cin, cu dou\u0103 autospeciale de stingere cu ap\u0103 \u0219i spum\u0103 \u0219i o ambulan\u021b\u0103 SMURD.<\/p>\n\n\n\n<p>Incendiul, ce se manifesta \u00een interiorul autoutilitarei, a fost stins \u00een limitele g\u0103site, fiind afectat\u0103 ma\u0219ina \u00een propor\u021bie de 70%.<\/p>\n\n\n\n<p>Cauza probabil\u0103 de izbucnire a fl\u0103c\u0103rilor a fost folosirea inten\u021bionat\u0103 a sursei de aprindere pentru a genera incendiul.<\/p>\n\n\n\n<p>Din fericire, nu s-au \u00eenregistrat victime, iar pompierii au salvat compartimentul motor al autovehiculului, precum \u0219i cea mai mare parte din \u00eenc\u0103rc\u0103tura acestuia ( aproximativ 2 metri cubi de lemne de foc).<\/p>\n\n\n\n<p>Poli\u021bi\u0219tii efectueaz\u0103 verific\u0103ri \u00een vederea stabilirii cu exactitate a \u00eemprejur\u0103rilor producerii faptei.<\/p>\n\n\n\n<p>Sursa:realitatea<\/p>\n","protected":false},"excerpt":{"rendered":"<p>Un incendiu a izbucnit \u00een plin\u0103 noapte la o autoutilitar\u0103 din ora\u0219ul M\u0103cin. Automobilul a ars \u00een propor\u021bie de 70%.<\/p>\n","protected":false},"author":1,"featured_media":80420,"comment_status":"open","ping_status":"closed","sticky":false,"template":"","format":"standard","meta":{"spay_email":"","footnotes":"","jetpack_publicize_message":""},"categories":[6],"tags":[],"class_list":["post-80419","post","type-post","status-publish","format-standard","has-post-thumbnail","hentry","category-social"],"jetpack_featured_media_url":"https:\/\/realitatearutiera.ro\/wp-content\/uploads\/2021\/11\/1_d776337c35.webp","jetpack_publicize_connections":[],"jetpack_sharing_enabled":true,"jetpack_shortlink":"https:\/\/wp.me\/p61naM-kV5","jetpack-related-posts":[],"_links":{"self":[{"href":"https:\/\/realitatearutiera.ro\/index.php?rest_route=\/wp\/v2\/posts\/80419","targetHints":{"allow":["GET"]}}],"collection":[{"href":"https:\/\/realitatearutiera.ro\/index.php?rest_route=\/wp\/v2\/posts"}],"about":[{"href":"https:\/\/realitatearutiera.ro\/index.php?rest_route=\/wp\/v2\/types\/post"}],"author":[{"embeddable":true,"href":"https:\/\/realitatearutiera.ro\/index.php?rest_route=\/wp\/v2\/users\/1"}],"replies":[{"embeddable":true,"href":"https:\/\/realitatearutiera.ro\/index.php?rest_route=%2Fwp%2Fv2%2Fcomments&post=80419"}],"version-history":[{"count":1,"href":"https:\/\/realitatearutiera.ro\/index.php?rest_route=\/wp\/v2\/posts\/80419\/revisions"}],"predecessor-version":[{"id":80421,"href":"https:\/\/realitatearutiera.ro\/index.php?rest_route=\/wp\/v2\/posts\/80419\/revisions\/80421"}],"wp:featuredmedia":[{"embeddable":true,"href":"https:\/\/realitatearutiera.ro\/index.php?rest_route=\/wp\/v2\/media\/80420"}],"wp:attachment":[{"href":"https:\/\/realitatearutiera.ro\/index.php?rest_route=%2Fwp%2Fv2%2Fmedia&parent=80419"}],"wp:term":[{"taxonomy":"category","embeddable":true,"href":"https:\/\/realitatearutiera.ro\/index.php?rest_route=%2Fwp%2Fv2%2Fcategories&post=80419"},{"taxonomy":"post_tag","embeddable":true,"href":"https:\/\/realitatearutiera.ro\/index.php?rest_route=%2Fwp%2Fv2%2Ftags&post=80419"}],"curies":[{"name":"wp","href":"https:\/\/api.w.org\/{rel}","templated":true}]}}