{"id":80765,"date":"2021-11-18T09:40:45","date_gmt":"2021-11-18T07:40:45","guid":{"rendered":"http:\/\/realitatearutiera.ro\/?p=80765"},"modified":"2021-11-18T09:40:50","modified_gmt":"2021-11-18T07:40:50","slug":"un-grav-accident-rutier-a-avut-loc-ieri-in-constanta-in-urma-careia-trei-persoane-au-murit-si-una-ranita","status":"publish","type":"post","link":"https:\/\/realitatearutiera.ro\/?p=80765","title":{"rendered":"Un grav accident rutier a avut loc ieri \u00een Constan\u021ba, \u00een urma c\u0103reia trei persoane au murit \u0219i una r\u0103nit\u0103"},"content":{"rendered":"\n<p>Un grav accident rutier a avut loc ieri \u00een Constan\u021ba, \u00een urma c\u0103reia trei persoane au murit, iar cea de-a patra se afl\u0103 \u00een stare grav\u0103 la spital. Ei sunt tinerii care au pierit \u00een urma impactului puternic dintre localit\u0103\u021bile Mereni \u0219i Topraisar.\u00a0<\/p>\n\n\n\n<figure class=\"wp-block-image\"><img decoding=\"async\" src=\"https:\/\/img.spynews.ro\/?u=https%3A%2F%2Fspynews.ro%2Fuploads%2Fmodules%2Fnews%2F0%2F2021%2F11%2F18%2F266103%2Faccidentconstantajpg4.jpg&amp;w=700\" alt=\"accident constanta\"\/><\/figure>\n\n\n\n<h2 class=\"wp-block-heading\">Ei sunt tinerii mor\u021bi \u00een accidentul grav din Constan\u021ba<\/h2>\n\n\n\n<p>Din p\u0103cate un\u00a0<a rel=\"noreferrer noopener\" href=\"https:\/\/spynews.ro\/actualitate\/stiri-interne\/accident-tragic-in-constanta-trei-oameni-au-murit-iar-o-victima-a-fost-transportata-de-urgenta-la-spital-266030.html\" target=\"_blank\">grav accident rutier<\/a>\u00a0a avut loc ieri \u00een Constan\u021ba, \u00een urma c\u0103ruia trei persoane au murit, iar o a patra se afl\u0103 \u00een stare grav\u0103 la spital. Impactul puternic a avut loc \u00eentre localit\u0103\u021bile Mereni \u0219i Topraisar.<\/p>\n\n\n\n<p>Doi dintre&nbsp;<a href=\"https:\/\/spynews.ro\/actualitate\/stiri-interne\/accident-teribil-in-bucov-un-tanar-de-18-ani-si-tatal-sau-in-varsta-de-43-de-ani-au-fost-omorati-in-timp-ce-traversau-strada-265963.html\" target=\"_blank\" rel=\"noreferrer noopener\">tinerii deceda\u021bi<\/a>, Costi Ro\u0219car \u0219i Alex Neg\u00e2rnac, proveanu din aceea\u0219i localitate, Mereni, \u0219i se aflau \u00een aceea\u0219i ma\u0219in\u0103 \u00een momentul accidentului, cealalt\u0103 perosan\u0103 fiind din localitatea Topraisar.<a href=\"https:\/\/spynews.ro\/galerie\/ei-sunt-tinerii-morti-in-accidentul-grav-din-constanta-trei-persoane-au-murit-in-impactul-puternic-foto-id266103-play0.html\"><\/a><\/p>\n\n\n\n<p>Alex \u0219i Costi se aflau \u00een aceea\u0219i ma\u0219in\u0103 potrivit primelor informa\u021bii, iar celelalte dou\u0103 victime de aflau \u00een cealalt\u0103 ma\u0219in\u0103 implicat\u0103 \u00een impactul puternic.<\/p>\n\n\n\n<p>La fa\u021ba locului s-au deplasat de \u00eendat\u0103 mai multe echipaje de interven\u021bie care au extras persoanele \u00eencarcerate din ma\u0219ini, dup\u0103 care au \u00eenceput manervrele de resuscitare. Din p\u0103cate nu s-a mai putut face nimic pentru cei trei b\u0103rba\u021bi care au murit pe loc \u00een impact.<\/p>\n\n\n\n<h2 class=\"wp-block-heading\">Cele dou\u0103 vehicule s-au f\u0103cut praf \u00een accident<\/h2>\n\n\n\n<figure class=\"wp-block-image\"><img decoding=\"async\" src=\"https:\/\/img.spynews.ro\/?u=https%3A%2F%2Fspynews.ro%2Fuploads%2Fmodules%2Fnews%2F0%2F2021%2F11%2F18%2F266103%2Faccidentconstanta.jpg&amp;w=700\" alt=\"accident constanta\"\/><\/figure>\n\n\n\n<p>Impactul accidentului a fost at\u00e2t de puternic \u00eenc\u00e2t pe carosabil au r\u0103mas urme de fr\u00e2n\u0103 pe distan\u021be foarte mari, iar \u00een urma acestuia autoturismele conduse de tinerii cu \u00eenc\u0103 un pasager la bord au fost f\u0103cute praf.<\/p>\n\n\n\n<blockquote class=\"wp-block-quote is-layout-flow wp-block-quote-is-layout-flow\"><p>\u201dDumnezeu s\u0103 te ierte fratele meu, \u00eemi pare r\u0103u c\u0103 ieri ai fost la mine \u0219i te-am v\u0103zut pentru ultima dat\u0103. Drum lin c\u0103tre ceruri!\u201d, a fost unul dintre mesajele de regret pentru Alex, t\u00e2n\u0103rul mort \u00een impact.<\/p><p>Sursa:spynews<\/p><\/blockquote>\n","protected":false},"excerpt":{"rendered":"<p>Un grav accident rutier a avut loc ieri \u00een Constan\u021ba, \u00een urma c\u0103reia trei persoane au murit, iar cea de-a<\/p>\n","protected":false},"author":1,"featured_media":78594,"comment_status":"open","ping_status":"closed","sticky":false,"template":"","format":"standard","meta":{"spay_email":"","footnotes":"","jetpack_publicize_message":""},"categories":[1],"tags":[],"class_list":["post-80765","post","type-post","status-publish","format-standard","has-post-thumbnail","hentry","category-uncategorized"],"jetpack_featured_media_url":"https:\/\/i0.wp.com\/realitatearutiera.ro\/wp-content\/uploads\/2021\/08\/accident-brasov.jpg?fit=800%2C450&ssl=1","jetpack_publicize_connections":[],"jetpack_sharing_enabled":true,"jetpack_shortlink":"https:\/\/wp.me\/p61naM-l0F","jetpack-related-posts":[],"_links":{"self":[{"href":"https:\/\/realitatearutiera.ro\/index.php?rest_route=\/wp\/v2\/posts\/80765","targetHints":{"allow":["GET"]}}],"collection":[{"href":"https:\/\/realitatearutiera.ro\/index.php?rest_route=\/wp\/v2\/posts"}],"about":[{"href":"https:\/\/realitatearutiera.ro\/index.php?rest_route=\/wp\/v2\/types\/post"}],"author":[{"embeddable":true,"href":"https:\/\/realitatearutiera.ro\/index.php?rest_route=\/wp\/v2\/users\/1"}],"replies":[{"embeddable":true,"href":"https:\/\/realitatearutiera.ro\/index.php?rest_route=%2Fwp%2Fv2%2Fcomments&post=80765"}],"version-history":[{"count":1,"href":"https:\/\/realitatearutiera.ro\/index.php?rest_route=\/wp\/v2\/posts\/80765\/revisions"}],"predecessor-version":[{"id":80766,"href":"https:\/\/realitatearutiera.ro\/index.php?rest_route=\/wp\/v2\/posts\/80765\/revisions\/80766"}],"wp:featuredmedia":[{"embeddable":true,"href":"https:\/\/realitatearutiera.ro\/index.php?rest_route=\/wp\/v2\/media\/78594"}],"wp:attachment":[{"href":"https:\/\/realitatearutiera.ro\/index.php?rest_route=%2Fwp%2Fv2%2Fmedia&parent=80765"}],"wp:term":[{"taxonomy":"category","embeddable":true,"href":"https:\/\/realitatearutiera.ro\/index.php?rest_route=%2Fwp%2Fv2%2Fcategories&post=80765"},{"taxonomy":"post_tag","embeddable":true,"href":"https:\/\/realitatearutiera.ro\/index.php?rest_route=%2Fwp%2Fv2%2Ftags&post=80765"}],"curies":[{"name":"wp","href":"https:\/\/api.w.org\/{rel}","templated":true}]}}