{"id":80920,"date":"2021-11-23T11:09:33","date_gmt":"2021-11-23T09:09:33","guid":{"rendered":"http:\/\/realitatearutiera.ro\/?p=80920"},"modified":"2021-11-23T11:09:39","modified_gmt":"2021-11-23T09:09:39","slug":"accident-grav-provocat-de-un-preot-baut","status":"publish","type":"post","link":"https:\/\/realitatearutiera.ro\/?p=80920","title":{"rendered":"Accident grav provocat de un preot b\u0103ut"},"content":{"rendered":"\n<p>Un b\u0103rbat de 43 de ani, din Boto\u0219ani, a ajuns la spital \u00een stare grav\u0103, dup\u0103 ce a fost victima unui accident provocat chiar de el.<\/p>\n\n\n\n<figure class=\"wp-block-image is-resized\"><img loading=\"lazy\" decoding=\"async\" src=\"https:\/\/i2.wp.com\/static.monitorulbt.ro\/wp-content\/uploads\/2021\/11\/94BD29B2-F078-479F-9054-E2B40E35E00A-696x522.jpeg?resize=442%2C332&#038;ssl=1\" alt=\"\" width=\"442\" height=\"332\" data-recalc-dims=\"1\" \/><\/figure>\n\n\n\n<p>Aflat la volanul unui autoturism Volkswagen Touran, b\u0103rbatul, care este preot misionar, se deplasa pe drumul ce str\u0103bate Satul Nou, din comuna Vorona. La un moment dat, acesta a pierdut controlul volanului \u0219i ma\u0219ina a ajuns \u00een \u0219an\u021bul de pe marginea drumului, dup\u0103 care a lovit violent un cap de pod. Impactul a fost at\u00e2t de puternic, \u00eenc\u00e2t spatele ma\u0219inii a ajuns ridicat aproape la 45 de grade fa\u021b\u0103 de sol. \u0218oferul a r\u0103mas blocat \u00een ma\u0219in\u0103 ini\u021bial, dar a fost scos imediat de oamenii din zon\u0103, speria\u021bi de zgomotul puternic produs de impact. Preotul misionar a fost scos din ma\u0219ina transformat\u0103 \u00eentr-un morman de fiare \u0219i preluat de cadrele medicale chemate la fa\u021ba locului de martori.\u00a0<em><strong>\u201cPacientul a fost preluat con\u0219tient, dar \u00een stare grav\u0103. Era politraumatizat, cu leziuni la nivelul fe\u021bei, capului, toracelui \u0219i abdomenului\u201d<\/strong><\/em>, a precizat medicul Daniela Amarande, din cadrul SJA Boto\u0219ani.<\/p>\n\n\n\n<p>B\u0103rbatul a fost preluat de medicii speciali\u0219ti din Urgen\u021be, fiind supus unei serii complexe de investiga\u021bii. \u00cen urma acestora s-a luat decizia de a se intra imediat \u00een sala de opera\u021bii.&nbsp;<em><strong>\u201cPacientul prezenta un important traumatism abdominal, hemoragie intern\u0103 cu suspiciune de ruptur\u0103 de ficat\u201d<\/strong><\/em>, a precizat medicul Monica Ad\u0103sc\u0103li\u021bei, medic de gard\u0103 \u00een cadrul UPU-SMURD.<\/p>\n\n\n\n<p>Poli\u021bi\u0219tii ajun\u0219i la locul accidentului au demarat o anchet\u0103, pentru a stabili cu exactitate cauzele producerii acestuia. \u0218oferul nu a putut fi testat cu aparatul etilotest, \u00eens\u0103 acesta le-a spus cadrelor medicale c\u0103 a comsumat b\u0103uturi alcoolice \u00eenainte de a se urca la volan. La spital i-au fost prelevate probe biologice \u00een vederea stabilirii alcoolemiei.<\/p>\n\n\n\n<p>O autospecial\u0103 apar\u021bin\u00e2nd SOS24 a ajuns ulterior la fa\u021ba locului, reu\u0219ind s\u0103 ridice epava ma\u0219inii cu o macara, dup\u0103 care a transportat-o pe o platform\u0103 pentru a fi inspectat\u0103 \u0219i evaluat\u0103 de poli\u021bi\u0219ti.<\/p>\n\n\n\n<p><video width=\"640\" height=\"352\" preload=\"metadata\" src=\"https:\/\/static.monitorulbt.ro\/wp-content\/uploads\/2021\/11\/IMG_1382.mp4?_=1\"><video width=\"696\" height=\"394\" preload=\"metadata\" src=\"https:\/\/static.monitorulbt.ro\/wp-content\/uploads\/2021\/11\/IMG_1385.mp4?_=2\"><video width=\"696\" height=\"394\" preload=\"metadata\" src=\"https:\/\/static.monitorulbt.ro\/wp-content\/uploads\/2021\/11\/VID-20211123-WA0002.mp4?_=3\"><\/p>\n\n\n\n<figure class=\"wp-block-image is-resized\"><img loading=\"lazy\" decoding=\"async\" src=\"https:\/\/i2.wp.com\/static.monitorulbt.ro\/wp-content\/uploads\/2021\/11\/F2552A13-E80A-479A-A99A-899CA1A0DF62-750x338.jpeg?resize=407%2C183&#038;ssl=1\" alt=\"\" class=\"wp-image-272253\" width=\"407\" height=\"183\" data-recalc-dims=\"1\" \/><\/figure>\n\n\n\n<figure class=\"wp-block-image is-resized\"><img loading=\"lazy\" decoding=\"async\" src=\"https:\/\/i1.wp.com\/static.monitorulbt.ro\/wp-content\/uploads\/2021\/11\/62A4EE6E-0DBE-4AD2-95D3-5B5CA9F68D8B-338x750.jpeg?resize=193%2C428&#038;ssl=1\" alt=\"\" class=\"wp-image-272254\" width=\"193\" height=\"428\" data-recalc-dims=\"1\" \/><\/figure>\n\n\n\n<p>Sursa:<\/p>\n","protected":false},"excerpt":{"rendered":"<p>Un b\u0103rbat de 43 de ani, din Boto\u0219ani, a ajuns la spital \u00een stare grav\u0103, dup\u0103 ce a fost victima<\/p>\n","protected":false},"author":1,"featured_media":78272,"comment_status":"open","ping_status":"closed","sticky":false,"template":"","format":"standard","meta":{"spay_email":"","footnotes":"","jetpack_publicize_message":""},"categories":[1],"tags":[],"class_list":["post-80920","post","type-post","status-publish","format-standard","has-post-thumbnail","hentry","category-uncategorized"],"jetpack_featured_media_url":"https:\/\/i1.wp.com\/realitatearutiera.ro\/wp-content\/uploads\/2021\/08\/accident-ambulanta-poza-buna_38226a0861_debf7d32c9.jpg?fit=1920%2C1080&ssl=1","jetpack_publicize_connections":[],"jetpack_sharing_enabled":true,"jetpack_shortlink":"https:\/\/wp.me\/p61naM-l3a","jetpack-related-posts":[],"_links":{"self":[{"href":"https:\/\/realitatearutiera.ro\/index.php?rest_route=\/wp\/v2\/posts\/80920","targetHints":{"allow":["GET"]}}],"collection":[{"href":"https:\/\/realitatearutiera.ro\/index.php?rest_route=\/wp\/v2\/posts"}],"about":[{"href":"https:\/\/realitatearutiera.ro\/index.php?rest_route=\/wp\/v2\/types\/post"}],"author":[{"embeddable":true,"href":"https:\/\/realitatearutiera.ro\/index.php?rest_route=\/wp\/v2\/users\/1"}],"replies":[{"embeddable":true,"href":"https:\/\/realitatearutiera.ro\/index.php?rest_route=%2Fwp%2Fv2%2Fcomments&post=80920"}],"version-history":[{"count":1,"href":"https:\/\/realitatearutiera.ro\/index.php?rest_route=\/wp\/v2\/posts\/80920\/revisions"}],"predecessor-version":[{"id":80921,"href":"https:\/\/realitatearutiera.ro\/index.php?rest_route=\/wp\/v2\/posts\/80920\/revisions\/80921"}],"wp:featuredmedia":[{"embeddable":true,"href":"https:\/\/realitatearutiera.ro\/index.php?rest_route=\/wp\/v2\/media\/78272"}],"wp:attachment":[{"href":"https:\/\/realitatearutiera.ro\/index.php?rest_route=%2Fwp%2Fv2%2Fmedia&parent=80920"}],"wp:term":[{"taxonomy":"category","embeddable":true,"href":"https:\/\/realitatearutiera.ro\/index.php?rest_route=%2Fwp%2Fv2%2Fcategories&post=80920"},{"taxonomy":"post_tag","embeddable":true,"href":"https:\/\/realitatearutiera.ro\/index.php?rest_route=%2Fwp%2Fv2%2Ftags&post=80920"}],"curies":[{"name":"wp","href":"https:\/\/api.w.org\/{rel}","templated":true}]}}