{"id":81397,"date":"2021-12-09T08:54:18","date_gmt":"2021-12-09T06:54:18","guid":{"rendered":"http:\/\/realitatearutiera.ro\/?p=81397"},"modified":"2021-12-09T08:54:24","modified_gmt":"2021-12-09T06:54:24","slug":"atentie-cod-galben-de-ceata-in-mai-multe-judete-din-tara","status":"publish","type":"post","link":"https:\/\/realitatearutiera.ro\/?p=81397","title":{"rendered":"Aten\u021bie! Cod galben de cea\u021b\u0103 \u00een mai multe jude\u021be din \u021bar\u0103"},"content":{"rendered":"\n<p><strong>Meteorologii avertizeaz\u0103 cu privirea la un Cod galben de cea\u021b\u0103, fiind valabil \u00een 10 jude\u021be.<\/strong><\/p>\n\n\n\n<p>Administra\u0163ia Na\u0163ional\u0103 de Meteorologie (ANM) a emis, joi diminea\u0163\u0103, o avertizare cod galben de cea\u0163\u0103. Sunt vizate jude\u021bele Ialomi\u0163a, C\u0103l\u0103ra\u015fi, Constan\u0163a, Gorj, V\u00e2lcea, Br\u0103ila, Arge\u015f, Prahova, Buz\u0103u \u015fi D\u00e2mbovi\u0163a.<\/p>\n\n\n\n<p>Local, \u00een aceste zone, va fi cea\u0163\u0103 care determin\u0103 sc\u0103derea vizibilit\u0103\u0163ii sub 200 de metri, izolat sub 50 de metri, ce va favoriza, \u00een func\u0163ie \u015fi de condi\u0163iile locale, formarea ghe\u0163u\u015fului.<\/p>\n\n\n\n<p>Codul galben este valabil p\u00e2n\u0103 la ora 10.00.<\/p>\n\n\n\n<p>Sursa:gandul<\/p>\n","protected":false},"excerpt":{"rendered":"<p>Meteorologii avertizeaz\u0103 cu privirea la un Cod galben de cea\u021b\u0103, fiind valabil \u00een 10 jude\u021be. Administra\u0163ia Na\u0163ional\u0103 de Meteorologie (ANM)<\/p>\n","protected":false},"author":1,"featured_media":31679,"comment_status":"open","ping_status":"closed","sticky":false,"template":"","format":"standard","meta":{"spay_email":"","footnotes":"","jetpack_publicize_message":""},"categories":[54],"tags":[],"class_list":["post-81397","post","type-post","status-publish","format-standard","has-post-thumbnail","hentry","category-informatii-rutiere"],"jetpack_featured_media_url":"https:\/\/i0.wp.com\/realitatearutiera.ro\/wp-content\/uploads\/2018\/01\/6317276-mediafax-foto-gabriel-fluerariu.jpg?fit=605%2C403&ssl=1","jetpack_publicize_connections":[],"jetpack_sharing_enabled":true,"jetpack_shortlink":"https:\/\/wp.me\/p61naM-laR","jetpack-related-posts":[],"_links":{"self":[{"href":"https:\/\/realitatearutiera.ro\/index.php?rest_route=\/wp\/v2\/posts\/81397","targetHints":{"allow":["GET"]}}],"collection":[{"href":"https:\/\/realitatearutiera.ro\/index.php?rest_route=\/wp\/v2\/posts"}],"about":[{"href":"https:\/\/realitatearutiera.ro\/index.php?rest_route=\/wp\/v2\/types\/post"}],"author":[{"embeddable":true,"href":"https:\/\/realitatearutiera.ro\/index.php?rest_route=\/wp\/v2\/users\/1"}],"replies":[{"embeddable":true,"href":"https:\/\/realitatearutiera.ro\/index.php?rest_route=%2Fwp%2Fv2%2Fcomments&post=81397"}],"version-history":[{"count":1,"href":"https:\/\/realitatearutiera.ro\/index.php?rest_route=\/wp\/v2\/posts\/81397\/revisions"}],"predecessor-version":[{"id":81398,"href":"https:\/\/realitatearutiera.ro\/index.php?rest_route=\/wp\/v2\/posts\/81397\/revisions\/81398"}],"wp:featuredmedia":[{"embeddable":true,"href":"https:\/\/realitatearutiera.ro\/index.php?rest_route=\/wp\/v2\/media\/31679"}],"wp:attachment":[{"href":"https:\/\/realitatearutiera.ro\/index.php?rest_route=%2Fwp%2Fv2%2Fmedia&parent=81397"}],"wp:term":[{"taxonomy":"category","embeddable":true,"href":"https:\/\/realitatearutiera.ro\/index.php?rest_route=%2Fwp%2Fv2%2Fcategories&post=81397"},{"taxonomy":"post_tag","embeddable":true,"href":"https:\/\/realitatearutiera.ro\/index.php?rest_route=%2Fwp%2Fv2%2Ftags&post=81397"}],"curies":[{"name":"wp","href":"https:\/\/api.w.org\/{rel}","templated":true}]}}