{"id":81426,"date":"2021-12-09T10:50:47","date_gmt":"2021-12-09T08:50:47","guid":{"rendered":"http:\/\/realitatearutiera.ro\/?p=81426"},"modified":"2021-12-09T10:50:52","modified_gmt":"2021-12-09T08:50:52","slug":"accident-mortal-pe-dn-17d-bistrita-nasaud","status":"publish","type":"post","link":"https:\/\/realitatearutiera.ro\/?p=81426","title":{"rendered":"Accident mortal pe DN 17D-Bistri\u021ba-Nas\u0103ud"},"content":{"rendered":"\n<p>O femeie de 52 de ani din localitatea Piatra, jude\u0163ul Bistri\u0163a-N\u0103s\u0103ud, a decedat, joi diminea\u0163\u0103, dup\u0103 ce a fost accidentat\u0103 de ma\u015fina unui cons\u0103tean \u00een v\u00e2rst\u0103 de 22 de ani, potrivit informa\u0163iilor furnizate de Inspectoratul de Poli\u0163ie Jude\u0163ean (IPJ), preluate de Agerpres. Accidentul a avut loc pe drumul na\u0163ional 17D. <\/p>\n\n\n\n<p>\u201eDin primele date, un \u015fofer de 22 de ani din Piatra, \u00een timp ce conducea un autoturism pe Drumul Na\u0163ional 17D, pe direc\u0163ia Beclean spre Salva, a accidentat o femeie de 52 de ani din aceea\u015fi localitate, care se deplasa \u00een calitate de pieton. \u00cen urma interven\u0163iei echipajelor medicale \u015fi aplic\u0103rii protocoalelor de resuscitare, femeia a fost declarat\u0103 decedat\u0103&#8221;, a transmis IPJ Bistri\u0163a-N\u0103s\u0103ud. \u00a0 <\/p>\n\n\n\n<p>Un echipaj de prim ajutor SMURD \u015fi un echipaj cu medic de la Serviciul de Ambulan\u0163\u0103 Jude\u0163ean Bistri\u0163a-N\u0103s\u0103ud au intervenit la locul accidentului, unde au g\u0103sit victima \u00een stop cardio-respirator, relateaz\u0103 publica\u0163ia local\u0103 TimpOnline.\u00a0 De\u015fi paramedicii au \u00eenceput imediat aplicarea protocolului de resuscitare, organismul femeii nu a r\u0103spuns manevrelor aplicate. \u00a0<\/p>\n\n\n\n<p> Conduc\u0103torul auto a fost testat cu aparatul etilotest, iar rezultatul a fost negativ. \u00cen cauz\u0103 a fost deschis dosar penal pentru ucidere din culp\u0103.<\/p>\n\n\n\n<p>Sursa:adevarul<\/p>\n","protected":false},"excerpt":{"rendered":"<p>O femeie de 52 de ani din localitatea Piatra, jude\u0163ul Bistri\u0163a-N\u0103s\u0103ud, a decedat, joi diminea\u0163\u0103, dup\u0103 ce a fost accidentat\u0103<\/p>\n","protected":false},"author":1,"featured_media":78597,"comment_status":"open","ping_status":"closed","sticky":false,"template":"","format":"standard","meta":{"spay_email":"","footnotes":"","jetpack_publicize_message":""},"categories":[1],"tags":[],"class_list":["post-81426","post","type-post","status-publish","format-standard","has-post-thumbnail","hentry","category-uncategorized"],"jetpack_featured_media_url":"https:\/\/i1.wp.com\/realitatearutiera.ro\/wp-content\/uploads\/2021\/08\/accident-1024x574-1.jpg?fit=1024%2C574&ssl=1","jetpack_publicize_connections":[],"jetpack_sharing_enabled":true,"jetpack_shortlink":"https:\/\/wp.me\/p61naM-lbk","jetpack-related-posts":[],"_links":{"self":[{"href":"https:\/\/realitatearutiera.ro\/index.php?rest_route=\/wp\/v2\/posts\/81426","targetHints":{"allow":["GET"]}}],"collection":[{"href":"https:\/\/realitatearutiera.ro\/index.php?rest_route=\/wp\/v2\/posts"}],"about":[{"href":"https:\/\/realitatearutiera.ro\/index.php?rest_route=\/wp\/v2\/types\/post"}],"author":[{"embeddable":true,"href":"https:\/\/realitatearutiera.ro\/index.php?rest_route=\/wp\/v2\/users\/1"}],"replies":[{"embeddable":true,"href":"https:\/\/realitatearutiera.ro\/index.php?rest_route=%2Fwp%2Fv2%2Fcomments&post=81426"}],"version-history":[{"count":1,"href":"https:\/\/realitatearutiera.ro\/index.php?rest_route=\/wp\/v2\/posts\/81426\/revisions"}],"predecessor-version":[{"id":81427,"href":"https:\/\/realitatearutiera.ro\/index.php?rest_route=\/wp\/v2\/posts\/81426\/revisions\/81427"}],"wp:featuredmedia":[{"embeddable":true,"href":"https:\/\/realitatearutiera.ro\/index.php?rest_route=\/wp\/v2\/media\/78597"}],"wp:attachment":[{"href":"https:\/\/realitatearutiera.ro\/index.php?rest_route=%2Fwp%2Fv2%2Fmedia&parent=81426"}],"wp:term":[{"taxonomy":"category","embeddable":true,"href":"https:\/\/realitatearutiera.ro\/index.php?rest_route=%2Fwp%2Fv2%2Fcategories&post=81426"},{"taxonomy":"post_tag","embeddable":true,"href":"https:\/\/realitatearutiera.ro\/index.php?rest_route=%2Fwp%2Fv2%2Ftags&post=81426"}],"curies":[{"name":"wp","href":"https:\/\/api.w.org\/{rel}","templated":true}]}}