{"id":81765,"date":"2021-12-21T08:53:16","date_gmt":"2021-12-21T06:53:16","guid":{"rendered":"http:\/\/realitatearutiera.ro\/?p=81765"},"modified":"2021-12-21T08:53:21","modified_gmt":"2021-12-21T06:53:21","slug":"o-masina-a-izbit-un-tir-ramas-blocat-in-pasajul-unirii-din-bucuresti","status":"publish","type":"post","link":"https:\/\/realitatearutiera.ro\/?p=81765","title":{"rendered":"O ma\u0219in\u0103 a izbit un TIR r\u0103mas blocat \u00een Pasajul Unirii din Bucure\u0219ti"},"content":{"rendered":"\n<p><strong>Un grav accident s-a produs \u00een noaptea de luni spre mar\u021bi \u00een Pasajul Unirii din Capital\u0103.\u00a0Un cap tractor r\u0103mas blocat a fost lovit \u00een plin de o ma\u0219in\u0103.<\/strong><\/p>\n\n\n\n<figure class=\"wp-block-image is-resized\"><img loading=\"lazy\" decoding=\"async\" src=\"https:\/\/i1.wp.com\/s.iw.ro\/gateway\/g\/ZmlsZVNvdXJjZT1odHRwJTNBJTJGJTJG\/c3RvcmFnZTA0dHJhbnNjb2Rlci5yY3Mt\/cmRzLnJvJTJGc3RvcmFnZSUyRjIwMjEl\/MkYxMiUyRjIxJTJGMTQzMjE4MV8xNDMy\/MTgxX2FjY2lkZW50LXBhc2FqLmpwZyZ3\/PTc4MCZoPTQ0MCZoYXNoPTlkYjQ3NmNmNDE3MjFiNzIxNDVjZTQwYTdhMmIyMWY2.thumb.jpg?resize=600%2C338&#038;ssl=1\" alt=\"accident rutier politie\" width=\"600\" height=\"338\" data-recalc-dims=\"1\" \/><\/figure>\n\n\n\n<p>\u0218oferul autoturismului&nbsp;a intrat cu vitez\u0103 \u00een pasaj&nbsp;\u0219i nu a mai putut s\u0103 evite impactul.<\/p>\n\n\n\n<p>\u00cen urma accidentului nu au fost victime, dar ma\u0219ina a fost grav avariat\u0103.<\/p>\n\n\n\n<p>Traficul \u00een zon\u0103 a fost blocat aproximativ dou\u0103 ore p\u00e2n\u0103\u00a0c\u00e2nd TIR-ul \u0219i ma\u0219ina au fost scoase din pasaj.<\/p>\n\n\n\n<p>Sursa:digi24<\/p>\n","protected":false},"excerpt":{"rendered":"<p>Un grav accident s-a produs \u00een noaptea de luni spre mar\u021bi \u00een Pasajul Unirii din Capital\u0103.\u00a0Un cap tractor r\u0103mas blocat<\/p>\n","protected":false},"author":1,"featured_media":78597,"comment_status":"open","ping_status":"closed","sticky":false,"template":"","format":"standard","meta":{"spay_email":"","footnotes":"","jetpack_publicize_message":""},"categories":[1],"tags":[],"class_list":["post-81765","post","type-post","status-publish","format-standard","has-post-thumbnail","hentry","category-uncategorized"],"jetpack_featured_media_url":"https:\/\/i1.wp.com\/realitatearutiera.ro\/wp-content\/uploads\/2021\/08\/accident-1024x574-1.jpg?fit=1024%2C574&ssl=1","jetpack_publicize_connections":[],"jetpack_sharing_enabled":true,"jetpack_shortlink":"https:\/\/wp.me\/p61naM-lgN","jetpack-related-posts":[],"_links":{"self":[{"href":"https:\/\/realitatearutiera.ro\/index.php?rest_route=\/wp\/v2\/posts\/81765","targetHints":{"allow":["GET"]}}],"collection":[{"href":"https:\/\/realitatearutiera.ro\/index.php?rest_route=\/wp\/v2\/posts"}],"about":[{"href":"https:\/\/realitatearutiera.ro\/index.php?rest_route=\/wp\/v2\/types\/post"}],"author":[{"embeddable":true,"href":"https:\/\/realitatearutiera.ro\/index.php?rest_route=\/wp\/v2\/users\/1"}],"replies":[{"embeddable":true,"href":"https:\/\/realitatearutiera.ro\/index.php?rest_route=%2Fwp%2Fv2%2Fcomments&post=81765"}],"version-history":[{"count":1,"href":"https:\/\/realitatearutiera.ro\/index.php?rest_route=\/wp\/v2\/posts\/81765\/revisions"}],"predecessor-version":[{"id":81766,"href":"https:\/\/realitatearutiera.ro\/index.php?rest_route=\/wp\/v2\/posts\/81765\/revisions\/81766"}],"wp:featuredmedia":[{"embeddable":true,"href":"https:\/\/realitatearutiera.ro\/index.php?rest_route=\/wp\/v2\/media\/78597"}],"wp:attachment":[{"href":"https:\/\/realitatearutiera.ro\/index.php?rest_route=%2Fwp%2Fv2%2Fmedia&parent=81765"}],"wp:term":[{"taxonomy":"category","embeddable":true,"href":"https:\/\/realitatearutiera.ro\/index.php?rest_route=%2Fwp%2Fv2%2Fcategories&post=81765"},{"taxonomy":"post_tag","embeddable":true,"href":"https:\/\/realitatearutiera.ro\/index.php?rest_route=%2Fwp%2Fv2%2Ftags&post=81765"}],"curies":[{"name":"wp","href":"https:\/\/api.w.org\/{rel}","templated":true}]}}