{"id":81769,"date":"2021-12-21T08:58:36","date_gmt":"2021-12-21T06:58:36","guid":{"rendered":"http:\/\/realitatearutiera.ro\/?p=81769"},"modified":"2021-12-21T08:58:43","modified_gmt":"2021-12-21T06:58:43","slug":"o-masina-a-fost-distrusa-dupa-ce-a-luat-foc-pe-a4","status":"publish","type":"post","link":"https:\/\/realitatearutiera.ro\/?p=81769","title":{"rendered":"O ma\u0219in\u0103 a fost distrus\u0103 dup\u0103 ce a luat foc pe A4"},"content":{"rendered":"\n<p>O ma\u0219in\u0103 a fost distrus\u0103 dup\u0103 ce a luat foc pe\u00a0<a href=\"https:\/\/stirileprotv.ro\/divers\/un-tir-a-rupt-parapetii-pe-a4-si-a-patruns-pe-sensul-opus-lovind-un-alt-tir-unul-dintre-autovehicule-a-luat-foc.html\">A4<\/a>\u00a0la intrarea \u00een localitatea Valul lui Traian din jude\u021bul Constan\u021ba.<\/p>\n\n\n\n<figure class=\"wp-block-image is-resized\"><img loading=\"lazy\" decoding=\"async\" src=\"https:\/\/i0.wp.com\/image.stirileprotv.ro\/media\/images\/800x450\/Dec2021\/62231507.jpg?resize=506%2C285&#038;ssl=1\" alt=\"Incendiu pe autostrada A4. O ma\u0219in\u0103 a fost distrus\u0103 de fl\u0103c\u0103ri\" width=\"506\" height=\"285\" data-recalc-dims=\"1\" \/><\/figure>\n\n\n\n<p>Fl\u0103carile puternice au cuprins tot autoturismul, iar fumul negru \u0219i dens a putut fi observat de la kilometri distan\u021b\u0103.<\/p>\n\n\n\n<p><strong>Din fericire, \u0219oferul a reu\u0219it s\u0103 ias\u0103 la timp din vehicul \u0219i nu a fost r\u0103nit.<\/strong>&nbsp;El se afla singur \u00een ma\u0219in\u0103.<\/p>\n\n\n\n<p>La fa\u021ba locului au intervenit mai multe echipaje de salvatori \u0219i \u00een c\u00e2teva minute incendiul a fost stins. Cauza urmeaz\u0103 s\u0103 fie stabilit\u0103.<\/p>\n\n\n\n<p>Sursa:stirileprotv<\/p>\n","protected":false},"excerpt":{"rendered":"<p>O ma\u0219in\u0103 a fost distrus\u0103 dup\u0103 ce a luat foc pe\u00a0A4\u00a0la intrarea \u00een localitatea Valul lui Traian din jude\u021bul Constan\u021ba.<\/p>\n","protected":false},"author":1,"featured_media":81770,"comment_status":"open","ping_status":"closed","sticky":false,"template":"","format":"standard","meta":{"spay_email":"","footnotes":"","jetpack_publicize_message":""},"categories":[82],"tags":[],"class_list":["post-81769","post","type-post","status-publish","format-standard","has-post-thumbnail","hentry","category-auto"],"jetpack_featured_media_url":"https:\/\/i0.wp.com\/realitatearutiera.ro\/wp-content\/uploads\/2021\/12\/62231507.jpg?fit=800%2C450&ssl=1","jetpack_publicize_connections":[],"jetpack_sharing_enabled":true,"jetpack_shortlink":"https:\/\/wp.me\/p61naM-lgR","jetpack-related-posts":[],"_links":{"self":[{"href":"https:\/\/realitatearutiera.ro\/index.php?rest_route=\/wp\/v2\/posts\/81769","targetHints":{"allow":["GET"]}}],"collection":[{"href":"https:\/\/realitatearutiera.ro\/index.php?rest_route=\/wp\/v2\/posts"}],"about":[{"href":"https:\/\/realitatearutiera.ro\/index.php?rest_route=\/wp\/v2\/types\/post"}],"author":[{"embeddable":true,"href":"https:\/\/realitatearutiera.ro\/index.php?rest_route=\/wp\/v2\/users\/1"}],"replies":[{"embeddable":true,"href":"https:\/\/realitatearutiera.ro\/index.php?rest_route=%2Fwp%2Fv2%2Fcomments&post=81769"}],"version-history":[{"count":1,"href":"https:\/\/realitatearutiera.ro\/index.php?rest_route=\/wp\/v2\/posts\/81769\/revisions"}],"predecessor-version":[{"id":81771,"href":"https:\/\/realitatearutiera.ro\/index.php?rest_route=\/wp\/v2\/posts\/81769\/revisions\/81771"}],"wp:featuredmedia":[{"embeddable":true,"href":"https:\/\/realitatearutiera.ro\/index.php?rest_route=\/wp\/v2\/media\/81770"}],"wp:attachment":[{"href":"https:\/\/realitatearutiera.ro\/index.php?rest_route=%2Fwp%2Fv2%2Fmedia&parent=81769"}],"wp:term":[{"taxonomy":"category","embeddable":true,"href":"https:\/\/realitatearutiera.ro\/index.php?rest_route=%2Fwp%2Fv2%2Fcategories&post=81769"},{"taxonomy":"post_tag","embeddable":true,"href":"https:\/\/realitatearutiera.ro\/index.php?rest_route=%2Fwp%2Fv2%2Ftags&post=81769"}],"curies":[{"name":"wp","href":"https:\/\/api.w.org\/{rel}","templated":true}]}}