{"id":82146,"date":"2022-01-06T10:04:16","date_gmt":"2022-01-06T08:04:16","guid":{"rendered":"http:\/\/realitatearutiera.ro\/?p=82146"},"modified":"2022-01-06T10:04:21","modified_gmt":"2022-01-06T08:04:21","slug":"accident-cu-doua-victime-in-jud-neamt","status":"publish","type":"post","link":"https:\/\/realitatearutiera.ro\/?p=82146","title":{"rendered":"Accident cu dou\u0103 victime, \u00een jud. Neam\u021b"},"content":{"rendered":"\n<p>Doi tineri au fost r\u0103ni\u0163i dup\u0103 ce ma\u015fina \u00een care se aflau s-a r\u0103sturnat pe drumul na\u0163ional DN 15D, \u00een afara localit\u0103\u0163ii Turture\u015fti, din jude\u0163ul Neam\u0163, \u00een noaptea de miercuri spre joi.<\/p>\n\n\n\n<figure class=\"wp-block-image is-resized\"><img loading=\"lazy\" decoding=\"async\" src=\"https:\/\/media.realitatea.net\/multimedia\/image\/202201\/w1920\/accident-descarcerare_fb0cf49704.webp\" alt=\"Accident cu dou\u0103 victime, \u00een jud. Neam\u021b: \u0219oferul era beat \u0219i avea permisul suspendat \/ Foto: Arhiv\u0103\" width=\"480\" height=\"269\"\/><\/figure>\n\n\n\n<p>Purt\u0103torul de cuv\u00e2nt al IPJ Neam\u0163, Georgiana Pu\u015fca\u015fu, a declarat, pentru AGERPRES, c\u0103 la volanul autoturismului se afla un t\u00e2n\u0103r de 22 ani care era sub influen\u0163a b\u0103uturilor alcoolice \u015fi avea permisul de conducere anulat.<\/p>\n\n\n\n<p>Proprietarul autoturismului, un t\u00e2n\u0103r de 21 ani, era pasager \u00een ma\u015fin\u0103.<\/p>\n\n\n\n<p>&#8220;Din primele cercet\u0103ri efectuate de poli\u0163i\u015fti a reie\u015fit c\u0103, \u00een timp ce un t\u00e2n\u0103r, \u00een v\u00e2rst\u0103 de 22 de ani, din B\u00e2rg\u0103uani, conducea un autoturism pe drumul na\u0163ional DN 15D, \u00een afara localit\u0103\u0163ii Turture\u015fti, pe un sector de drum \u00een curb\u0103, ar fi pierdut controlul asupra direc\u0163iei de deplasare, moment \u00een care a p\u0103r\u0103sit partea carosabil\u0103 \u015fi s-a r\u0103sturnat. \u00cen urma evenimentului rutier a rezultat r\u0103nirea conduc\u0103torului auto \u015fi a unui t\u00e2n\u0103r, de 21 de ani, din B\u00e2rg\u0103uani, pasager \u00een autoturism. Conduc\u0103torul auto a fost testat cu aparatul etilotest, rezultatul indic\u00e2nd o concentra\u0163ie de 0,81 mg\/l alcool pur \u00een aerul expirat. Verific\u0103rile efectuate de poli\u0163i\u015fti au relevat faptul c\u0103 t\u00e2n\u0103rul \u00een cauz\u0103 are anulat permisul de conducere. De asemenea, s-a constatat faptul c\u0103 t\u00e2n\u0103rul de 21 de ani i-ar fi \u00eencredin\u0163at autoturismul acestuia pentru a-l conduce&#8221;, a precizat purt\u0103torul de cuv\u00e2nt al IPJ Neam\u0163.<\/p>\n\n\n\n<p>Poli\u0163i\u015ftii continu\u0103 cercet\u0103rile pentruv\u0103t\u0103mare corporal\u0103 din culp\u0103, conducerea unui vehicul f\u0103r\u0103 permis de conducere, conducerea unui vehicul sub influen\u0163a alcoolului \u015fi \u00eencredin\u0163area unui vehicul pentru conducere pe drumurile publice unei persoane care nu posed\u0103 permis de conducere.\u00a0<\/p>\n\n\n\n<p>Sursa:realitatea<\/p>\n","protected":false},"excerpt":{"rendered":"<p>Doi tineri au fost r\u0103ni\u0163i dup\u0103 ce ma\u015fina \u00een care se aflau s-a r\u0103sturnat pe drumul na\u0163ional DN 15D, \u00een<\/p>\n","protected":false},"author":1,"featured_media":78839,"comment_status":"open","ping_status":"closed","sticky":false,"template":"","format":"standard","meta":{"spay_email":"","footnotes":"","jetpack_publicize_message":""},"categories":[1],"tags":[],"class_list":["post-82146","post","type-post","status-publish","format-standard","has-post-thumbnail","hentry","category-uncategorized"],"jetpack_featured_media_url":"https:\/\/i2.wp.com\/realitatearutiera.ro\/wp-content\/uploads\/2021\/09\/un-tanar-a-decedat-intr-un-accident-rutier-grav-in-buzau-prietena-sa-a-scapat-cu-viata.jpg?fit=670%2C609&ssl=1","jetpack_publicize_connections":[],"jetpack_sharing_enabled":true,"jetpack_shortlink":"https:\/\/wp.me\/p61naM-lmW","jetpack-related-posts":[],"_links":{"self":[{"href":"https:\/\/realitatearutiera.ro\/index.php?rest_route=\/wp\/v2\/posts\/82146","targetHints":{"allow":["GET"]}}],"collection":[{"href":"https:\/\/realitatearutiera.ro\/index.php?rest_route=\/wp\/v2\/posts"}],"about":[{"href":"https:\/\/realitatearutiera.ro\/index.php?rest_route=\/wp\/v2\/types\/post"}],"author":[{"embeddable":true,"href":"https:\/\/realitatearutiera.ro\/index.php?rest_route=\/wp\/v2\/users\/1"}],"replies":[{"embeddable":true,"href":"https:\/\/realitatearutiera.ro\/index.php?rest_route=%2Fwp%2Fv2%2Fcomments&post=82146"}],"version-history":[{"count":1,"href":"https:\/\/realitatearutiera.ro\/index.php?rest_route=\/wp\/v2\/posts\/82146\/revisions"}],"predecessor-version":[{"id":82147,"href":"https:\/\/realitatearutiera.ro\/index.php?rest_route=\/wp\/v2\/posts\/82146\/revisions\/82147"}],"wp:featuredmedia":[{"embeddable":true,"href":"https:\/\/realitatearutiera.ro\/index.php?rest_route=\/wp\/v2\/media\/78839"}],"wp:attachment":[{"href":"https:\/\/realitatearutiera.ro\/index.php?rest_route=%2Fwp%2Fv2%2Fmedia&parent=82146"}],"wp:term":[{"taxonomy":"category","embeddable":true,"href":"https:\/\/realitatearutiera.ro\/index.php?rest_route=%2Fwp%2Fv2%2Fcategories&post=82146"},{"taxonomy":"post_tag","embeddable":true,"href":"https:\/\/realitatearutiera.ro\/index.php?rest_route=%2Fwp%2Fv2%2Ftags&post=82146"}],"curies":[{"name":"wp","href":"https:\/\/api.w.org\/{rel}","templated":true}]}}