{"id":82190,"date":"2022-01-07T09:36:14","date_gmt":"2022-01-07T07:36:14","guid":{"rendered":"http:\/\/realitatearutiera.ro\/?p=82190"},"modified":"2022-01-07T09:36:19","modified_gmt":"2022-01-07T07:36:19","slug":"judetul-dambovita-circulatie-ingreunata-pe-dn-72a-din-cauza-unui-accident","status":"publish","type":"post","link":"https:\/\/realitatearutiera.ro\/?p=82190","title":{"rendered":"JUDE\u021aUL D\u00c2MBOVI\u021aA: CIRCULA\u021aIE \u00ceNGREUNAT\u0102 PE DN 72A, DIN CAUZA UNUI ACCIDENT"},"content":{"rendered":"\n<p><strong>Ora:&nbsp;<\/strong>09:25<\/p>\n\n\n\n<p><strong>Centrul INFOTRAFIC din Inspectoratul General al Poli\u021biei Rom\u00e2ne&nbsp;<\/strong>informeaz\u0103 c\u0103 o autoutilitar\u0103 \u0219i un autoturism au fost implicate \u00eentr-o coliziune pe DN 72A T\u00e2rgovi\u0219te \u2013 C\u00e2mpulung, \u00een afara localit\u0103\u021bii Gemenea Br\u0103tule\u0219ti, jude\u021bul D\u00e2mbovi\u021ba. \u00cen urma accidentului, conduc\u0103torul autoutilitarei a decedat. Traficul se desf\u0103\u0219oar\u0103 dirijat, pe un fir.<\/p>\n\n\n\n<p>Se estimeaz\u0103 reluarea circula\u021biei \u00een condi\u021bii normale \u00een 40 de minute.<\/p>\n","protected":false},"excerpt":{"rendered":"<p>Ora:&nbsp;09:25 Centrul INFOTRAFIC din Inspectoratul General al Poli\u021biei Rom\u00e2ne&nbsp;informeaz\u0103 c\u0103 o autoutilitar\u0103 \u0219i un autoturism au fost implicate \u00eentr-o coliziune<\/p>\n","protected":false},"author":1,"featured_media":56506,"comment_status":"open","ping_status":"closed","sticky":false,"template":"","format":"standard","meta":{"spay_email":"","footnotes":"","jetpack_publicize_message":""},"categories":[54],"tags":[],"class_list":["post-82190","post","type-post","status-publish","format-standard","has-post-thumbnail","hentry","category-informatii-rutiere"],"jetpack_featured_media_url":"https:\/\/i2.wp.com\/realitatearutiera.ro\/wp-content\/uploads\/2019\/11\/info-trafic-observatorulnational-1.png?fit=1222%2C748&ssl=1","jetpack_publicize_connections":[],"jetpack_sharing_enabled":true,"jetpack_shortlink":"https:\/\/wp.me\/p61naM-lnE","jetpack-related-posts":[],"_links":{"self":[{"href":"https:\/\/realitatearutiera.ro\/index.php?rest_route=\/wp\/v2\/posts\/82190","targetHints":{"allow":["GET"]}}],"collection":[{"href":"https:\/\/realitatearutiera.ro\/index.php?rest_route=\/wp\/v2\/posts"}],"about":[{"href":"https:\/\/realitatearutiera.ro\/index.php?rest_route=\/wp\/v2\/types\/post"}],"author":[{"embeddable":true,"href":"https:\/\/realitatearutiera.ro\/index.php?rest_route=\/wp\/v2\/users\/1"}],"replies":[{"embeddable":true,"href":"https:\/\/realitatearutiera.ro\/index.php?rest_route=%2Fwp%2Fv2%2Fcomments&post=82190"}],"version-history":[{"count":1,"href":"https:\/\/realitatearutiera.ro\/index.php?rest_route=\/wp\/v2\/posts\/82190\/revisions"}],"predecessor-version":[{"id":82191,"href":"https:\/\/realitatearutiera.ro\/index.php?rest_route=\/wp\/v2\/posts\/82190\/revisions\/82191"}],"wp:featuredmedia":[{"embeddable":true,"href":"https:\/\/realitatearutiera.ro\/index.php?rest_route=\/wp\/v2\/media\/56506"}],"wp:attachment":[{"href":"https:\/\/realitatearutiera.ro\/index.php?rest_route=%2Fwp%2Fv2%2Fmedia&parent=82190"}],"wp:term":[{"taxonomy":"category","embeddable":true,"href":"https:\/\/realitatearutiera.ro\/index.php?rest_route=%2Fwp%2Fv2%2Fcategories&post=82190"},{"taxonomy":"post_tag","embeddable":true,"href":"https:\/\/realitatearutiera.ro\/index.php?rest_route=%2Fwp%2Fv2%2Ftags&post=82190"}],"curies":[{"name":"wp","href":"https:\/\/api.w.org\/{rel}","templated":true}]}}