{"id":82213,"date":"2022-01-07T11:15:03","date_gmt":"2022-01-07T09:15:03","guid":{"rendered":"http:\/\/realitatearutiera.ro\/?p=82213"},"modified":"2022-01-07T11:15:08","modified_gmt":"2022-01-07T09:15:08","slug":"un-barbat-a-murit-dupa-ce-masina-pe-care-o-conducea-o-autoutilitara-a-fost-izbita-din-plin-de-un-alt-autovehicul","status":"publish","type":"post","link":"https:\/\/realitatearutiera.ro\/?p=82213","title":{"rendered":"Un b\u0103rbat a murit, dup\u0103 ce ma\u0219ina pe care o conducea &#8211; o autoutilitar\u0103 &#8211; a fost izbit\u0103 din plin de un alt autovehicul"},"content":{"rendered":"\n<p>Un b\u0103rbat \u00een v\u00e2rst\u0103 de 65 de ani a murit, dup\u0103 ce ma\u0219ina pe care o conducea &#8211; o autoutilitar\u0103 &#8211; a fost izbit\u0103 din plin de un alt autovehicul, condus de un t\u00e2n\u0103r de 22 de ani.<img decoding=\"async\" src=\"https:\/\/i2.wp.com\/image.stirileprotv.ro\/media\/images\/680xX\/Jan2022\/62234670.jpg?w=800&#038;ssl=1\" class=\"\" alt=\"\" data-recalc-dims=\"1\">&nbsp;Pro TV<\/p>\n\n\n\n<p>\u00cen urma test\u0103rii&nbsp;cu aparatul etilotest s-a constatat c\u0103 t\u00e2n\u0103rul \u0219ofer se afla sub influen\u021ba b\u0103uturilor alcoolice &#8211; aparatul indic\u00e2nd o concentra\u021bie de 1,60 mg\/l alcool pur \u00een aerul expirat.<\/p>\n\n\n\n<p>Nenorocire s-a produs \u00eentr-o curb\u0103, unde \u0219oferul de 22 de ani nu a adaptat viteza \u0219i l-a lovit din plin pe b\u0103rbatul de 65 de ani, care a murit la scurt timp dup\u0103 impact.<img decoding=\"async\" src=\"https:\/\/i0.wp.com\/image.stirileprotv.ro\/media\/images\/680xX\/Jan2022\/62234668.jpg?w=800&#038;ssl=1\" class=\"\" alt=\"\" data-recalc-dims=\"1\">&nbsp;Pro TV<\/p>\n\n\n\n<p>Victima a avut, printre altele, func\u021bia de\u00a0director al sta\u021biunii de cercet\u0103ri pomicole de la Voine\u0219ti, fiind o persoan\u0103 foarte apreciat\u0103 \u00een localitate.<\/p>\n\n\n\n<p>Sursa:stirileprotv<\/p>\n","protected":false},"excerpt":{"rendered":"<p>Un b\u0103rbat \u00een v\u00e2rst\u0103 de 65 de ani a murit, dup\u0103 ce ma\u0219ina pe care o conducea &#8211; o autoutilitar\u0103<\/p>\n","protected":false},"author":1,"featured_media":78600,"comment_status":"open","ping_status":"closed","sticky":false,"template":"","format":"standard","meta":{"spay_email":"","footnotes":"","jetpack_publicize_message":""},"categories":[1],"tags":[],"class_list":["post-82213","post","type-post","status-publish","format-standard","has-post-thumbnail","hentry","category-uncategorized"],"jetpack_featured_media_url":"https:\/\/i0.wp.com\/realitatearutiera.ro\/wp-content\/uploads\/2021\/08\/Accident.jpg?fit=726%2C490&ssl=1","jetpack_publicize_connections":[],"jetpack_sharing_enabled":true,"jetpack_shortlink":"https:\/\/wp.me\/p61naM-lo1","jetpack-related-posts":[],"_links":{"self":[{"href":"https:\/\/realitatearutiera.ro\/index.php?rest_route=\/wp\/v2\/posts\/82213","targetHints":{"allow":["GET"]}}],"collection":[{"href":"https:\/\/realitatearutiera.ro\/index.php?rest_route=\/wp\/v2\/posts"}],"about":[{"href":"https:\/\/realitatearutiera.ro\/index.php?rest_route=\/wp\/v2\/types\/post"}],"author":[{"embeddable":true,"href":"https:\/\/realitatearutiera.ro\/index.php?rest_route=\/wp\/v2\/users\/1"}],"replies":[{"embeddable":true,"href":"https:\/\/realitatearutiera.ro\/index.php?rest_route=%2Fwp%2Fv2%2Fcomments&post=82213"}],"version-history":[{"count":1,"href":"https:\/\/realitatearutiera.ro\/index.php?rest_route=\/wp\/v2\/posts\/82213\/revisions"}],"predecessor-version":[{"id":82214,"href":"https:\/\/realitatearutiera.ro\/index.php?rest_route=\/wp\/v2\/posts\/82213\/revisions\/82214"}],"wp:featuredmedia":[{"embeddable":true,"href":"https:\/\/realitatearutiera.ro\/index.php?rest_route=\/wp\/v2\/media\/78600"}],"wp:attachment":[{"href":"https:\/\/realitatearutiera.ro\/index.php?rest_route=%2Fwp%2Fv2%2Fmedia&parent=82213"}],"wp:term":[{"taxonomy":"category","embeddable":true,"href":"https:\/\/realitatearutiera.ro\/index.php?rest_route=%2Fwp%2Fv2%2Fcategories&post=82213"},{"taxonomy":"post_tag","embeddable":true,"href":"https:\/\/realitatearutiera.ro\/index.php?rest_route=%2Fwp%2Fv2%2Ftags&post=82213"}],"curies":[{"name":"wp","href":"https:\/\/api.w.org\/{rel}","templated":true}]}}