{"id":82223,"date":"2022-01-10T08:59:19","date_gmt":"2022-01-10T06:59:19","guid":{"rendered":"http:\/\/realitatearutiera.ro\/?p=82223"},"modified":"2022-01-10T08:59:24","modified_gmt":"2022-01-10T06:59:24","slug":"doi-tineri-au-suferit-multiple-traumatisme-in-urma-unui-accident-rutier","status":"publish","type":"post","link":"https:\/\/realitatearutiera.ro\/?p=82223","title":{"rendered":"Doi tineri au suferit multiple traumatisme, \u00een urma unui accident rutier"},"content":{"rendered":"\n<p>Un motociclist care nu avea permis \u015fi era b\u0103ut s-a ciocnit de un autoturism, duminic\u0103, pe raza localit\u0103\u021bii M\u0103lini din Suceava.\u00a0<\/p>\n\n\n\n<figure class=\"wp-block-image is-resized\"><img loading=\"lazy\" decoding=\"async\" src=\"https:\/\/www.antena3.ro\/thumbs\/big3\/2022\/01\/09\/motociclist-baut-fara-permis-accident-masina-suceava-744694.webp\" alt=\"Un motociclist b\u0103ut, f\u0103r\u0103 permis \u015fi cu o minor\u0103 pasager\u0103 s-a ciocnit puternic de o ma\u015fin\u0103, la Suceava\" width=\"616\" height=\"361\"\/><\/figure>\n\n\n\n<p>T\u00e2n\u0103rul \u00een v\u00e2rst\u0103 de 21 de ani, \u00eempreun\u0103 cu o minor\u0103 de 15 ani, ambii f\u0103r\u0103 casc\u0103 de protec\u0163ie mergeau cu&nbsp;<a href=\"https:\/\/www.antena3.ro\/tag\/motocicleta-29056.html\">motocicleta<\/a>&nbsp;pe un drum din localitate.&nbsp;<\/p>\n\n\n\n<p>La un moment dat, motocicleta a vrut s\u0103 dep\u0103\u015feasc\u0103 un autoturism al c\u0103rui \u0219ofer a efectuat \u00een acela\u0219i timp un viraj la st\u00e2nga.&nbsp;<\/p>\n\n\n\n<p>Motocicleta s-a lovit puternic de ma\u0219in\u0103, iar \u00een urma impactului at\u00e2t minora c\u00e2t \u0219i t\u00e2n\u0103rul de 21 de ani au fost r\u0103ni\u021bi, suferind multiple traumatisme. Ei au fost transporta\u0163i la spital, pentru a primi \u00eengrijiri medicale de specialitate.<\/p>\n\n\n\n<p>\u00cen urma impactului, motocicleta a luat foc, aceasta fiind stins\u0103 de persoanele aflate la fa\u021ba locului, p\u00e2n\u0103 la sosirea pompierilor.<\/p>\n\n\n\n<p>Au intervenit militarii Deta\u0219amentului de pompieri F\u0103lticeni cu modulul SMURD (autospeciala pentru descarcerare \u0219i ambulan\u021ba SMURD B2) cu sprijinul unui echipaj SAJ.<br><br>Motociclistul nu are permis \u015fi a fost verificat cu aparatul etilotest, rezultatul 0,04 la mie alcool pur \u00een aerul expirat.<\/p>\n\n\n\n<p>Sursa:antena3<\/p>\n","protected":false},"excerpt":{"rendered":"<p>Un motociclist care nu avea permis \u015fi era b\u0103ut s-a ciocnit de un autoturism, duminic\u0103, pe raza localit\u0103\u021bii M\u0103lini din<\/p>\n","protected":false},"author":1,"featured_media":75190,"comment_status":"open","ping_status":"closed","sticky":false,"template":"","format":"standard","meta":{"spay_email":"","footnotes":"","jetpack_publicize_message":""},"categories":[1],"tags":[],"class_list":["post-82223","post","type-post","status-publish","format-standard","has-post-thumbnail","hentry","category-uncategorized"],"jetpack_featured_media_url":"https:\/\/i2.wp.com\/realitatearutiera.ro\/wp-content\/uploads\/2021\/04\/motociclista-a-murit-dupa-ce-a-intrat-pe-contrasens-izbit-tir-comuna-vidra-702745.jpg?fit=1200%2C675&ssl=1","jetpack_publicize_connections":[],"jetpack_sharing_enabled":true,"jetpack_shortlink":"https:\/\/wp.me\/p61naM-lob","jetpack-related-posts":[],"_links":{"self":[{"href":"https:\/\/realitatearutiera.ro\/index.php?rest_route=\/wp\/v2\/posts\/82223","targetHints":{"allow":["GET"]}}],"collection":[{"href":"https:\/\/realitatearutiera.ro\/index.php?rest_route=\/wp\/v2\/posts"}],"about":[{"href":"https:\/\/realitatearutiera.ro\/index.php?rest_route=\/wp\/v2\/types\/post"}],"author":[{"embeddable":true,"href":"https:\/\/realitatearutiera.ro\/index.php?rest_route=\/wp\/v2\/users\/1"}],"replies":[{"embeddable":true,"href":"https:\/\/realitatearutiera.ro\/index.php?rest_route=%2Fwp%2Fv2%2Fcomments&post=82223"}],"version-history":[{"count":1,"href":"https:\/\/realitatearutiera.ro\/index.php?rest_route=\/wp\/v2\/posts\/82223\/revisions"}],"predecessor-version":[{"id":82224,"href":"https:\/\/realitatearutiera.ro\/index.php?rest_route=\/wp\/v2\/posts\/82223\/revisions\/82224"}],"wp:featuredmedia":[{"embeddable":true,"href":"https:\/\/realitatearutiera.ro\/index.php?rest_route=\/wp\/v2\/media\/75190"}],"wp:attachment":[{"href":"https:\/\/realitatearutiera.ro\/index.php?rest_route=%2Fwp%2Fv2%2Fmedia&parent=82223"}],"wp:term":[{"taxonomy":"category","embeddable":true,"href":"https:\/\/realitatearutiera.ro\/index.php?rest_route=%2Fwp%2Fv2%2Fcategories&post=82223"},{"taxonomy":"post_tag","embeddable":true,"href":"https:\/\/realitatearutiera.ro\/index.php?rest_route=%2Fwp%2Fv2%2Ftags&post=82223"}],"curies":[{"name":"wp","href":"https:\/\/api.w.org\/{rel}","templated":true}]}}