{"id":82476,"date":"2022-01-17T09:03:19","date_gmt":"2022-01-17T07:03:19","guid":{"rendered":"http:\/\/realitatearutiera.ro\/?p=82476"},"modified":"2022-01-17T09:03:25","modified_gmt":"2022-01-17T07:03:25","slug":"accident-mortal-in-bistrita-nasaud-doi-copii-au-murit","status":"publish","type":"post","link":"https:\/\/realitatearutiera.ro\/?p=82476","title":{"rendered":"Accident mortal \u00een Bistri\u021ba-N\u0103s\u0103ud. Doi copii au murit"},"content":{"rendered":"\n<p>Momente tragice, \u00een aceast\u0103 sear\u0103, \u00een Bistri\u021ba-N\u0103s\u0103ud! Doi copii au \u00eencetat din via\u021b\u0103, dup\u0103 ce ma\u0219ina \u00een care se aflau al\u0103turi de doi adul\u021bi a fost spulberat\u0103 de tren. Autorit\u0103\u021bile au activat planul ro\u0219u de interven\u021bie. Cum s-a \u00eent\u00e2mplat \u00eentreaga tragedie!<\/p>\n\n\n\n<figure class=\"wp-block-image\"><img decoding=\"async\" src=\"https:\/\/img.spynews.ro\/?u=https%3A%2F%2Fspynews.ro%2Fuploads%2Fmodules%2Fnews%2F0%2F2022%2F1%2F16%2F269892%2Fwhatsapp-image-20220116-at-234342.jpeg&amp;w=700\" alt=\"Accident mortal \u00een Bistri\u021ba-N\u0103s\u0103ud! Doi copii au \u00eencetat din via\u021b\u0103, dup\u0103 ce ma\u0219ina \u00een care se aflau a fost lovit\u0103 de tren\"\/><\/figure>\n\n\n\n<p><a href=\"https:\/\/spynews.ro\/galerie\/accident-mortal-in-bistritanasaud-doi-copii-au-incetat-din-viata-dupa-ce-masina-in-care-se-aflau-a-fost-lovita-de-tren-id269892-play0.html\"><\/a><\/p>\n\n\n\n<p>Doi copii au murit, dup\u0103 ce o ma\u0219in\u0103 a fost spulberat\u0103 de tren.<\/p>\n\n\n\n<h2 class=\"wp-block-heading\">Doi copii au \u00eencetat din via\u021b\u0103, dup\u0103 ce ma\u0219ina \u00een care se aflau a fost lovit\u0103 de tren<\/h2>\n\n\n\n<p>Cei doi b\u0103rba\u021bi din autoturism au reu\u0219it s\u0103 ias\u0103 de unii singuri, de\u0219i prezint\u0103 numeroase leziuni, \u00eens\u0103 pentru cei doi adolescen\u021bi \u00een v\u00e2rst\u0103 de 13, respectiv 15 ani, nu s-a mai putut face nimic.<\/p>\n\n\n\n<p>Cadrele medicale sosite la locul tragicului incident le-a acordat primul ajutor, \u00eens\u0103 \u00een ciuda tuturor \u00eencerc\u0103rilor, au fost nevoi\u021bi s\u0103 constate decesul celor doi minori.<\/p>\n\n\n\n<h2 class=\"wp-block-heading\">Oamenii legii au deschis un dosar penal<\/h2>\n\n\n\n<p>\u0218oferul ma\u0219inii strivite de tren \u0219i mecanicul de locomotiv\u0103 au fost testa\u021bi cu aparatul etilotest de c\u0103tre oamenii legii, imediat cum au ajuns la fa\u021ba locului, rezultatele fiind negative.<\/p>\n\n\n\n<p>\u00cen aceste momente nu se \u0219tie care a fost vinovat pentru tragicul eveniment, astfel c\u0103 poli\u021bi\u0219tii Serviciului Rutier au \u00eentocmit un dosar penal \u0219i totodat\u0103 o anchet\u0103 pentru a stabili cu certitudine cauzele \u0219i \u00eemprejur\u0103rile \u00een care s-a produs cumplitul evenimentul rutier.<\/p>\n\n\n\n<p><strong>\u201eLa o trecere de cale ferat\u0103, f\u0103r\u0103 bariere, un autoturism condus de un b\u0103rbat de 32 de ani, din S\u00e2npetru de C\u00e2mpie, Mure\u0219, a fost lovit de un tren. \u00cen urma impactului, \u0219oferul \u0219i un pasager \u00een v\u00e2rst\u0103 de 41 de ani din Tu\u0219inu, Mure\u0219, au fost r\u0103ni\u021bi. Doi minori, 13 \u0219i 15 ani, din aceea\u0219i localitate, pasageri \u00een autoturism, au fost declara\u021bi deceda\u021bi din cauza leziunilor suferite\u201d<\/strong>, a declarat Crina S\u00eerb, purt\u0103torul de cuv\u00e2nt al Inspectoratului de Poli\u021bie Jude\u021bean Bistri\u021ba-N\u0103s\u0103ud.<\/p>\n\n\n\n<p>Sursa:spynews<\/p>\n","protected":false},"excerpt":{"rendered":"<p>Momente tragice, \u00een aceast\u0103 sear\u0103, \u00een Bistri\u021ba-N\u0103s\u0103ud! Doi copii au \u00eencetat din via\u021b\u0103, dup\u0103 ce ma\u0219ina \u00een care se aflau<\/p>\n","protected":false},"author":1,"featured_media":78597,"comment_status":"open","ping_status":"closed","sticky":false,"template":"","format":"standard","meta":{"spay_email":"","footnotes":"","jetpack_publicize_message":""},"categories":[1],"tags":[],"class_list":["post-82476","post","type-post","status-publish","format-standard","has-post-thumbnail","hentry","category-uncategorized"],"jetpack_featured_media_url":"https:\/\/i1.wp.com\/realitatearutiera.ro\/wp-content\/uploads\/2021\/08\/accident-1024x574-1.jpg?fit=1024%2C574&ssl=1","jetpack_publicize_connections":[],"jetpack_sharing_enabled":true,"jetpack_shortlink":"https:\/\/wp.me\/p61naM-lsg","jetpack-related-posts":[],"_links":{"self":[{"href":"https:\/\/realitatearutiera.ro\/index.php?rest_route=\/wp\/v2\/posts\/82476","targetHints":{"allow":["GET"]}}],"collection":[{"href":"https:\/\/realitatearutiera.ro\/index.php?rest_route=\/wp\/v2\/posts"}],"about":[{"href":"https:\/\/realitatearutiera.ro\/index.php?rest_route=\/wp\/v2\/types\/post"}],"author":[{"embeddable":true,"href":"https:\/\/realitatearutiera.ro\/index.php?rest_route=\/wp\/v2\/users\/1"}],"replies":[{"embeddable":true,"href":"https:\/\/realitatearutiera.ro\/index.php?rest_route=%2Fwp%2Fv2%2Fcomments&post=82476"}],"version-history":[{"count":1,"href":"https:\/\/realitatearutiera.ro\/index.php?rest_route=\/wp\/v2\/posts\/82476\/revisions"}],"predecessor-version":[{"id":82477,"href":"https:\/\/realitatearutiera.ro\/index.php?rest_route=\/wp\/v2\/posts\/82476\/revisions\/82477"}],"wp:featuredmedia":[{"embeddable":true,"href":"https:\/\/realitatearutiera.ro\/index.php?rest_route=\/wp\/v2\/media\/78597"}],"wp:attachment":[{"href":"https:\/\/realitatearutiera.ro\/index.php?rest_route=%2Fwp%2Fv2%2Fmedia&parent=82476"}],"wp:term":[{"taxonomy":"category","embeddable":true,"href":"https:\/\/realitatearutiera.ro\/index.php?rest_route=%2Fwp%2Fv2%2Fcategories&post=82476"},{"taxonomy":"post_tag","embeddable":true,"href":"https:\/\/realitatearutiera.ro\/index.php?rest_route=%2Fwp%2Fv2%2Ftags&post=82476"}],"curies":[{"name":"wp","href":"https:\/\/api.w.org\/{rel}","templated":true}]}}