{"id":82572,"date":"2022-01-19T08:37:59","date_gmt":"2022-01-19T06:37:59","guid":{"rendered":"http:\/\/realitatearutiera.ro\/?p=82572"},"modified":"2022-01-19T08:38:04","modified_gmt":"2022-01-19T06:38:04","slug":"doi-copii-trasi-pe-sanii-de-o-masina-au-alunecat-pe-contrasens-si-s-au-izbit-de-un-alt-autoturism-in-stejarisu-sibiu","status":"publish","type":"post","link":"https:\/\/realitatearutiera.ro\/?p=82572","title":{"rendered":"Doi copii tra\u015fi pe s\u0103nii de o ma\u015fin\u0103 au alunecat pe contrasens \u015fi s-au izbit de un alt autoturism, \u00een Stej\u0103ri\u015fu, Sibiu"},"content":{"rendered":"\n<p><strong>Doi minori au ajuns la spital, dup\u0103 ce s\u0103niile \u00een care se aflau s-au izbit de un autoturism de pe contrasens, pe drumul din localitatea sibian\u0103 \u0218tej\u0103ri\u0219u, informeaz\u0103 IPJ Sibiu. S\u0103niile celor doi minori erau trase de o alt\u0103 ma\u015fin\u0103.<\/strong><\/p>\n\n\n\n<figure class=\"wp-block-image is-resized\"><img loading=\"lazy\" decoding=\"async\" src=\"https:\/\/i2.wp.com\/www.turnulsfatului.ro\/uploads\/images\/2022\/1\/18\/big-sanie-trasa-masina-vwu1.jpg?resize=367%2C245&#038;ssl=1\" alt=\"Copii tra\u0219i cu sania de o ma\u0219in\u0103, accidenta\u021bi de un alt autoturism. Au  ajuns la spital\" width=\"367\" height=\"245\" data-recalc-dims=\"1\" \/><\/figure>\n\n\n\n<p>Un t\u00e2n\u0103r de 24 de ani din localitatea sibian\u0103 \u0218tej\u0103ri\u0219u tr\u0103gea cu ma\u015fina 6 s\u0103nii pe care se aflau mai mul\u021bi tineri, iar accidentul s-a produs dup\u0103 ce \u015foferul a fr\u00e2nat pentru a evita un impact cu un autoturism de pe sensul opus, transmite IPJ Sibiu, potrivit Agerpres.<\/p>\n\n\n\n<p>Potrivit sursei citate, \u015foferul ar fi fr\u00e2nat pentru a evita impactul cu un autoturism care circula din sensul opus (condus de un localnic \u00een v\u00e2rst\u0103 de 38 de ani), moment \u00een care dou\u0103 dintre s\u0103nii ar fi alunecat \u0219i ar fi intrat pe contrasens \u0219i \u00een coliziune cu acest autoturism.<\/p>\n\n\n\n<p>Doi minori de 14 \u0219i 15 ani, afla\u021bi pe s\u0103nii, sunt r\u0103ni\u021bi. B\u0103iatul de 14 ani a fost asistat medical \u015fi transportat la Sibiu de c\u0103tre echipajul SAJ, el prezent\u00e2nd o fractur\u0103 de femur, \u00een timp ce adolescentul de 15 ani a fost transportat la Spitalul Or\u0103\u015fenesc din Agnita de c\u0103tre echipajul SMURD, cu traumatisme la picioare.<\/p>\n\n\n\n<p>\u201eCei doi conduc\u0103tori auto au fost testa\u021bi cu aparatul etilotest, iar \u00een cazul b\u0103rbatului de 38 de ani, rezultatul a fost de 0,53 mg\/l alcool pur \u00een aerul expirat. Poli\u021bi\u0219tii rutieri sunt la fa\u021ba locului \u0219i continu\u0103 cercet\u0103rile\u201d, mai arat\u0103 sursa citat\u0103.<\/p>\n\n\n\n<p>Sursa:digi24<\/p>\n","protected":false},"excerpt":{"rendered":"<p>Doi minori au ajuns la spital, dup\u0103 ce s\u0103niile \u00een care se aflau s-au izbit de un autoturism de pe<\/p>\n","protected":false},"author":1,"featured_media":82573,"comment_status":"open","ping_status":"closed","sticky":false,"template":"","format":"standard","meta":{"spay_email":"","footnotes":"","jetpack_publicize_message":""},"categories":[1],"tags":[],"class_list":["post-82572","post","type-post","status-publish","format-standard","has-post-thumbnail","hentry","category-uncategorized"],"jetpack_featured_media_url":"https:\/\/i2.wp.com\/realitatearutiera.ro\/wp-content\/uploads\/2022\/01\/doi-copii-trasi-sanii-de-masina-alunecat-contrasens-s-au-izbit-de-alt-autoturism-746140.jpg?fit=820%2C478&ssl=1","jetpack_publicize_connections":[],"jetpack_sharing_enabled":true,"jetpack_shortlink":"https:\/\/wp.me\/p61naM-ltO","jetpack-related-posts":[],"_links":{"self":[{"href":"https:\/\/realitatearutiera.ro\/index.php?rest_route=\/wp\/v2\/posts\/82572","targetHints":{"allow":["GET"]}}],"collection":[{"href":"https:\/\/realitatearutiera.ro\/index.php?rest_route=\/wp\/v2\/posts"}],"about":[{"href":"https:\/\/realitatearutiera.ro\/index.php?rest_route=\/wp\/v2\/types\/post"}],"author":[{"embeddable":true,"href":"https:\/\/realitatearutiera.ro\/index.php?rest_route=\/wp\/v2\/users\/1"}],"replies":[{"embeddable":true,"href":"https:\/\/realitatearutiera.ro\/index.php?rest_route=%2Fwp%2Fv2%2Fcomments&post=82572"}],"version-history":[{"count":1,"href":"https:\/\/realitatearutiera.ro\/index.php?rest_route=\/wp\/v2\/posts\/82572\/revisions"}],"predecessor-version":[{"id":82574,"href":"https:\/\/realitatearutiera.ro\/index.php?rest_route=\/wp\/v2\/posts\/82572\/revisions\/82574"}],"wp:featuredmedia":[{"embeddable":true,"href":"https:\/\/realitatearutiera.ro\/index.php?rest_route=\/wp\/v2\/media\/82573"}],"wp:attachment":[{"href":"https:\/\/realitatearutiera.ro\/index.php?rest_route=%2Fwp%2Fv2%2Fmedia&parent=82572"}],"wp:term":[{"taxonomy":"category","embeddable":true,"href":"https:\/\/realitatearutiera.ro\/index.php?rest_route=%2Fwp%2Fv2%2Fcategories&post=82572"},{"taxonomy":"post_tag","embeddable":true,"href":"https:\/\/realitatearutiera.ro\/index.php?rest_route=%2Fwp%2Fv2%2Ftags&post=82572"}],"curies":[{"name":"wp","href":"https:\/\/api.w.org\/{rel}","templated":true}]}}