{"id":82614,"date":"2022-01-20T08:26:21","date_gmt":"2022-01-20T06:26:21","guid":{"rendered":"http:\/\/realitatearutiera.ro\/?p=82614"},"modified":"2022-01-20T09:19:23","modified_gmt":"2022-01-20T07:19:23","slug":"judetul-neamt-trafic-restrictionat-pe-dn-15","status":"publish","type":"post","link":"https:\/\/realitatearutiera.ro\/?p=82614","title":{"rendered":"JUDE\u021aUL NEAM\u021a: TRAFIC RESTRIC\u021aIONAT PE DN 15"},"content":{"rendered":"\n<p><strong>Ora:&nbsp;<\/strong>06:20<\/p>\n\n\n\n<p><strong>Centrul INFOTRAFIC din Inspectoratul General al Poli\u0163iei Rom\u00e2ne<\/strong>&nbsp;informeaz\u0103 c\u0103 pe DN 15 Piatra Neam\u021b-Topli\u021ba, \u00een apropierea localit\u0103\u021bii Grin\u021bie\u0219, jude\u021bul Neam\u021b, \u00eentr-o curb\u0103, o cistern\u0103 \u00eenc\u0103rcat\u0103 cu xilen (solvent folosit \u00een laborator) s-a r\u0103sturnat pe carosabil. Nu sunt persoane r\u0103nite, neexist\u00e2nd pericol de explozie. Circula\u021bia rutier\u0103 se desf\u0103\u0219oar\u0103 pe un fir, alternativ, f\u0103r\u0103 valori ridicate de trafic.<\/p>\n\n\n\n<p><strong><em>Recomand\u0103m rularea cu viteza adaptat\u0103 condi\u021biilor de trafic, cre\u0219terea distan\u0163ei de siguran\u021b\u0103 \u00eentre autovehicule \u0219i folosirea corespunz\u0103toare a luminilor din dotare.<\/em><\/strong><\/p>\n\n\n\n<figure class=\"wp-block-image is-resized\"><img loading=\"lazy\" decoding=\"async\" src=\"https:\/\/i1.wp.com\/s.iw.ro\/gateway\/g\/ZmlsZVNvdXJjZT1odHRwJTNBJTJGJTJG\/c3RvcmFnZTA0dHJhbnNjb2Rlci5yY3Mt\/cmRzLnJvJTJGc3RvcmFnZSUyRjIwMjIl\/MkYwMSUyRjIwJTJGMTQ0NjczMl8xNDQ2\/NzMyX2Npc3Rlcm5hLXJhc3R1cm5hdGEu\/anBnJnc9NzgwJmg9NDQwJmhhc2g9MmI2\/MWU1OGYwMmVhOTg4N2M4NGI0Mzg4MjFhMTUxZmQ=.thumb.jpg?resize=636%2C359&#038;ssl=1\" alt=\"cisterna rasturnata\" width=\"636\" height=\"359\" data-recalc-dims=\"1\" \/><\/figure>\n","protected":false},"excerpt":{"rendered":"<p>Ora:&nbsp;06:20 Centrul INFOTRAFIC din Inspectoratul General al Poli\u0163iei Rom\u00e2ne&nbsp;informeaz\u0103 c\u0103 pe DN 15 Piatra Neam\u021b-Topli\u021ba, \u00een apropierea localit\u0103\u021bii Grin\u021bie\u0219, jude\u021bul<\/p>\n","protected":false},"author":1,"featured_media":56506,"comment_status":"open","ping_status":"closed","sticky":false,"template":"","format":"standard","meta":{"spay_email":"","footnotes":"","jetpack_publicize_message":""},"categories":[54],"tags":[],"class_list":["post-82614","post","type-post","status-publish","format-standard","has-post-thumbnail","hentry","category-informatii-rutiere"],"jetpack_featured_media_url":"https:\/\/i2.wp.com\/realitatearutiera.ro\/wp-content\/uploads\/2019\/11\/info-trafic-observatorulnational-1.png?fit=1222%2C748&ssl=1","jetpack_publicize_connections":[],"jetpack_sharing_enabled":true,"jetpack_shortlink":"https:\/\/wp.me\/p61naM-luu","jetpack-related-posts":[],"_links":{"self":[{"href":"https:\/\/realitatearutiera.ro\/index.php?rest_route=\/wp\/v2\/posts\/82614","targetHints":{"allow":["GET"]}}],"collection":[{"href":"https:\/\/realitatearutiera.ro\/index.php?rest_route=\/wp\/v2\/posts"}],"about":[{"href":"https:\/\/realitatearutiera.ro\/index.php?rest_route=\/wp\/v2\/types\/post"}],"author":[{"embeddable":true,"href":"https:\/\/realitatearutiera.ro\/index.php?rest_route=\/wp\/v2\/users\/1"}],"replies":[{"embeddable":true,"href":"https:\/\/realitatearutiera.ro\/index.php?rest_route=%2Fwp%2Fv2%2Fcomments&post=82614"}],"version-history":[{"count":2,"href":"https:\/\/realitatearutiera.ro\/index.php?rest_route=\/wp\/v2\/posts\/82614\/revisions"}],"predecessor-version":[{"id":82623,"href":"https:\/\/realitatearutiera.ro\/index.php?rest_route=\/wp\/v2\/posts\/82614\/revisions\/82623"}],"wp:featuredmedia":[{"embeddable":true,"href":"https:\/\/realitatearutiera.ro\/index.php?rest_route=\/wp\/v2\/media\/56506"}],"wp:attachment":[{"href":"https:\/\/realitatearutiera.ro\/index.php?rest_route=%2Fwp%2Fv2%2Fmedia&parent=82614"}],"wp:term":[{"taxonomy":"category","embeddable":true,"href":"https:\/\/realitatearutiera.ro\/index.php?rest_route=%2Fwp%2Fv2%2Fcategories&post=82614"},{"taxonomy":"post_tag","embeddable":true,"href":"https:\/\/realitatearutiera.ro\/index.php?rest_route=%2Fwp%2Fv2%2Ftags&post=82614"}],"curies":[{"name":"wp","href":"https:\/\/api.w.org\/{rel}","templated":true}]}}