{"id":82909,"date":"2022-01-27T10:58:28","date_gmt":"2022-01-27T08:58:28","guid":{"rendered":"http:\/\/realitatearutiera.ro\/?p=82909"},"modified":"2022-01-27T10:58:34","modified_gmt":"2022-01-27T08:58:34","slug":"accident-grav-cu-5-raniti-in-urma-coliziunii-dintre-un-camion-si-o-dubita-in-judetul-bacau","status":"publish","type":"post","link":"https:\/\/realitatearutiera.ro\/?p=82909","title":{"rendered":"Accident grav cu 5 r\u0103ni\u021bi \u00een urma coliziunii dintre un camion \u0219i o dubi\u021b\u0103, \u00een jude\u021bul Bac\u0103u"},"content":{"rendered":"\n<p><strong>Cinci persoane au fost r\u0103nite, joi, \u00eentr-un accident dintre un camion \u015fi o dubi\u0163\u0103, pe drumul na\u0163ional DN 11, \u00een localitatea Oituz, potrivit Inspectoratului pentru Situa\u021bii de Urgen\u021b\u0103 din Bac\u0103u.<\/strong><\/p>\n\n\n\n<figure class=\"wp-block-image is-resized\"><img loading=\"lazy\" decoding=\"async\" src=\"https:\/\/i1.wp.com\/media.gandul.ro\/unsafe\/820x461\/smart\/filters:contrast(5):format(webp):quality(80)\/http:\/\/gandul.ro\/wp-content\/uploads\/2022\/01\/accident-bacau-3.jpeg?resize=663%2C373&#038;ssl=1\" alt=\"FOTO | Accident grav cu 5 r\u0103ni\u021bi \u00een urma coliziunii dintre un camion \u0219i o dubi\u021b\u0103, \u00een jude\u021bul Bac\u0103u\" width=\"663\" height=\"373\" data-recalc-dims=\"1\" \/><\/figure>\n\n\n\n<figure class=\"wp-block-image\" id=\"attachment_19742651\"><img decoding=\"async\" src=\"https:\/\/i1.wp.com\/media.gandul.ro\/unsafe\/660x660\/smart\/filters:contrast(5):format(webp):quality(100)\/http:\/\/gandul.ro\/wp-content\/uploads\/2022\/01\/accident-bacau-2-300x300.jpeg?resize=300%2C300&#038;ssl=1\" alt=\"\" class=\"wp-image-19742651\" data-recalc-dims=\"1\"\/><figcaption>Surs\u0103 foto: ISU Bacau<\/figcaption><\/figure>\n\n\n\n<p>\u00cen accident au fost implicat 6 persoane, iar dou\u0103 victime se aflau blocate \u00een dubi\u021b\u0103 \u00een momentul \u00een care au ajuns echipajele de salvare.<\/p>\n\n\n\n<figure class=\"wp-block-image\" id=\"attachment_19742653\"><img decoding=\"async\" src=\"https:\/\/i0.wp.com\/media.gandul.ro\/unsafe\/660x660\/smart\/filters:contrast(5):format(webp):quality(100)\/http:\/\/gandul.ro\/wp-content\/uploads\/2022\/01\/accident-bacau-1-300x300.jpeg?resize=300%2C300&#038;ssl=1\" alt=\"\" class=\"wp-image-19742653\" data-recalc-dims=\"1\"\/><figcaption>Surs\u0103 foto: ISU Bacau<\/figcaption><\/figure>\n\n\n\n<p>Cele 5 victime au fost preluate de echipaje SMURD \u015fi de la Serviciul de Ambulan\u0163\u0103 Jude\u0163ean pentru a fi transportate la spital.<\/p>\n\n\n\n<p><img loading=\"lazy\" decoding=\"async\" src=\"https:\/\/i0.wp.com\/media.gandul.ro\/unsafe\/660x660\/smart\/filters:contrast(5):format(webp):quality(100)\/http:\/\/gandul.ro\/wp-content\/uploads\/2022\/01\/accident-bacau-4-300x300.jpeg?resize=660%2C660&#038;ssl=1\" alt=\"\" width=\"660\" height=\"660\" srcset=\"https:\/\/media.gandul.ro\/unsafe\/500x500\/smart\/filters:contrast(5):format(webp):quality(100)\/http:\/\/gandul.ro\/wp-content\/uploads\/2022\/01\/accident-bacau-4-300x300.jpeg 500w, https:\/\/i0.wp.com\/media.gandul.ro\/unsafe\/660x660\/smart\/filters:contrast(5):format(webp):quality(100)\/http:\/\/gandul.ro\/wp-content\/uploads\/2022\/01\/accident-bacau-4-300x300.jpeg?resize=660%2C660&#038;ssl=1 728w\" data-recalc-dims=\"1\"><br>Poli\u0163i\u015ftii rutieri au deschis un dosar penal pentru v\u0103t\u0103mare corporal\u0103 din culp\u0103 \u015fi efectueaz\u0103 cercet\u0103ri pentru a stabili cum s-a produs accidentul.<\/p>\n\n\n\n<figure class=\"wp-block-image\" id=\"attachment_19742656\"><img decoding=\"async\" src=\"https:\/\/i2.wp.com\/media.gandul.ro\/unsafe\/660x660\/smart\/filters:contrast(5):format(webp):quality(100)\/http:\/\/gandul.ro\/wp-content\/uploads\/2022\/01\/accident-bacau-5-300x300.jpeg?resize=300%2C300&#038;ssl=1\" alt=\"\" class=\"wp-image-19742656\" data-recalc-dims=\"1\"\/><figcaption>Surs\u0103 foto: ISU Bacau<\/figcaption><\/figure>\n\n\n\n<figure class=\"wp-block-image\" id=\"attachment_19742657\"><img decoding=\"async\" src=\"https:\/\/i2.wp.com\/media.gandul.ro\/unsafe\/660x660\/smart\/filters:contrast(5):format(webp):quality(100)\/http:\/\/gandul.ro\/wp-content\/uploads\/2022\/01\/accident-bacau-6-300x300.jpeg?resize=300%2C300&#038;ssl=1\" alt=\"\" class=\"wp-image-19742657\" data-recalc-dims=\"1\"\/><figcaption>Surs\u0103 foto: ISU Bacau<\/figcaption><\/figure>\n\n\n\n<figure class=\"wp-block-image\" id=\"attachment_19742659\"><img decoding=\"async\" src=\"https:\/\/i1.wp.com\/media.gandul.ro\/unsafe\/660x660\/smart\/filters:contrast(5):format(webp):quality(100)\/http:\/\/gandul.ro\/wp-content\/uploads\/2022\/01\/accident-bacau-7-300x300.jpeg?resize=300%2C300&#038;ssl=1\" alt=\"\" class=\"wp-image-19742659\" data-recalc-dims=\"1\"\/><figcaption>Surs\u0103 foto: ISU Bacau<\/figcaption><\/figure>\n\n\n\n<p>Sursa:gandul<\/p>\n","protected":false},"excerpt":{"rendered":"<p>Cinci persoane au fost r\u0103nite, joi, \u00eentr-un accident dintre un camion \u015fi o dubi\u0163\u0103, pe drumul na\u0163ional DN 11, \u00een<\/p>\n","protected":false},"author":1,"featured_media":78597,"comment_status":"open","ping_status":"closed","sticky":false,"template":"","format":"standard","meta":{"spay_email":"","footnotes":"","jetpack_publicize_message":""},"categories":[1],"tags":[],"class_list":["post-82909","post","type-post","status-publish","format-standard","has-post-thumbnail","hentry","category-uncategorized"],"jetpack_featured_media_url":"https:\/\/i1.wp.com\/realitatearutiera.ro\/wp-content\/uploads\/2021\/08\/accident-1024x574-1.jpg?fit=1024%2C574&ssl=1","jetpack_publicize_connections":[],"jetpack_sharing_enabled":true,"jetpack_shortlink":"https:\/\/wp.me\/p61naM-lzf","jetpack-related-posts":[],"_links":{"self":[{"href":"https:\/\/realitatearutiera.ro\/index.php?rest_route=\/wp\/v2\/posts\/82909","targetHints":{"allow":["GET"]}}],"collection":[{"href":"https:\/\/realitatearutiera.ro\/index.php?rest_route=\/wp\/v2\/posts"}],"about":[{"href":"https:\/\/realitatearutiera.ro\/index.php?rest_route=\/wp\/v2\/types\/post"}],"author":[{"embeddable":true,"href":"https:\/\/realitatearutiera.ro\/index.php?rest_route=\/wp\/v2\/users\/1"}],"replies":[{"embeddable":true,"href":"https:\/\/realitatearutiera.ro\/index.php?rest_route=%2Fwp%2Fv2%2Fcomments&post=82909"}],"version-history":[{"count":1,"href":"https:\/\/realitatearutiera.ro\/index.php?rest_route=\/wp\/v2\/posts\/82909\/revisions"}],"predecessor-version":[{"id":82910,"href":"https:\/\/realitatearutiera.ro\/index.php?rest_route=\/wp\/v2\/posts\/82909\/revisions\/82910"}],"wp:featuredmedia":[{"embeddable":true,"href":"https:\/\/realitatearutiera.ro\/index.php?rest_route=\/wp\/v2\/media\/78597"}],"wp:attachment":[{"href":"https:\/\/realitatearutiera.ro\/index.php?rest_route=%2Fwp%2Fv2%2Fmedia&parent=82909"}],"wp:term":[{"taxonomy":"category","embeddable":true,"href":"https:\/\/realitatearutiera.ro\/index.php?rest_route=%2Fwp%2Fv2%2Fcategories&post=82909"},{"taxonomy":"post_tag","embeddable":true,"href":"https:\/\/realitatearutiera.ro\/index.php?rest_route=%2Fwp%2Fv2%2Ftags&post=82909"}],"curies":[{"name":"wp","href":"https:\/\/api.w.org\/{rel}","templated":true}]}}