{"id":83248,"date":"2022-02-08T13:12:23","date_gmt":"2022-02-08T11:12:23","guid":{"rendered":"http:\/\/realitatearutiera.ro\/?p=83248"},"modified":"2022-02-08T13:12:30","modified_gmt":"2022-02-08T11:12:30","slug":"accident-tragic-in-localitatea-bailesti-din-judetul-dolj-doua-persoane-au-murit","status":"publish","type":"post","link":"https:\/\/realitatearutiera.ro\/?p=83248","title":{"rendered":"Accident tragic \u00een localitatea B\u0103ile\u0219ti din jude\u021bul Dolj: dou\u0103 persoane au murit"},"content":{"rendered":"\n<p>Accident tragic ieri dup\u0103 amiaz\u0103 \u00een localitatea B\u0103ile\u0219ti din jude\u021bul Dolj.<\/p>\n\n\n\n<p>Dou\u0103 persoane au murit, dup\u0103 ce ma\u0219ina \u00een care se aflau a fost izbit\u0103 de o alta condus\u0103 de un t\u00e2n\u0103r de 20 de ani. Ace\u0219tia au fost strivi\u021bi \u00een impact.<\/p>\n\n\n\n<figure class=\"wp-block-image\"><img decoding=\"async\" src=\"https:\/\/i2.wp.com\/static.ziareonline.ro\/wp-content\/uploads\/2022\/02\/FB_IMG_1644244598176-431x450.jpg?resize=431%2C450&#038;ssl=1\" alt=\"\" data-recalc-dims=\"1\"\/><\/figure>\n\n\n\n<p>\u00cen urm\u0103 cu doar c\u00e2teva momente, un&nbsp;tragic accident&nbsp;a avut loc \u00een localitatea B\u0103ile\u0219ti din jude\u021bul Dolj. O ma\u0219in\u0103 care circula regulamentat a fost izbit\u0103 de o alta condus\u0103 de un t\u00e2n\u0103r de doar 20 de ani.<\/p>\n\n\n\n<p>Autoturismul b\u0103iatului a intrat pe contrasens \u0219i a izbit din plin ma\u0219ina \u00een care se afla un b\u0103rbat \u00een v\u00e2rst\u0103 de 69 de ani \u0219i o femeie de 56 de ani. Ambele persoane au murit pe loc \u00een impact, fiind strivi\u021bi de c\u0103tre autoturismul t\u00e2n\u0103rului de 20 de ani.<\/p>\n\n\n\n<p>Accidentul a fost devastator, asta deoarece ma\u0219ina a fost ulterior proiectat\u0103 \u00eentr-un st\u00e2lp de protec\u021bie de pe marginea drumului.<\/p>\n\n\n\n<p>Autoturismul \u0219oferului de 20 de ani s-a r\u0103sturnat<\/p>\n\n\n\n<p>Potrivit informa\u021biilor Antena 3, autoturismul t\u00e2n\u0103rului de 20 de ani s-a r\u0103sturnat \u00een urma impactului uria\u0219, iar \u0219oferul a avut nevoie de \u00eengrijiri medicale la fa\u021ba locului.<\/p>\n\n\n\n<p>De\u0219i medicii au \u00eencercat s\u0103-i salveze pe cei doi oameni afla\u021bi \u00een autoturismul avariat, din p\u0103cate&nbsp;a fost declarat decesul&nbsp;dup\u0103 c\u00e2teva zeci de minute. Ambii erau vecini, iar \u00een aceste momente autorit\u0103\u021bile fac cercet\u0103ri pentru a se stabili cu exactitate care a fost cauza care a declan\u0219at accidentul.<\/p>\n\n\n\n<p>\u00cen acest caz a fost dechis un dosar penal pentru ucidere din cupl\u0103, iar \u0219oferul urmeaz\u0103 s\u0103 fie audiat pentru a preciza ce s-a \u00eent\u00e2mplat \u0219i cum a pierdut controlul volanului izbindu-se de ma\u0219ina care mergea regulamentar.<\/p>\n\n\n\n<p>Sursa:ziareonline<\/p>\n","protected":false},"excerpt":{"rendered":"<p>Accident tragic ieri dup\u0103 amiaz\u0103 \u00een localitatea B\u0103ile\u0219ti din jude\u021bul Dolj. Dou\u0103 persoane au murit, dup\u0103 ce ma\u0219ina \u00een care<\/p>\n","protected":false},"author":1,"featured_media":78597,"comment_status":"open","ping_status":"closed","sticky":false,"template":"","format":"standard","meta":{"spay_email":"","footnotes":"","jetpack_publicize_message":""},"categories":[1],"tags":[],"class_list":["post-83248","post","type-post","status-publish","format-standard","has-post-thumbnail","hentry","category-uncategorized"],"jetpack_featured_media_url":"https:\/\/i1.wp.com\/realitatearutiera.ro\/wp-content\/uploads\/2021\/08\/accident-1024x574-1.jpg?fit=1024%2C574&ssl=1","jetpack_publicize_connections":[],"jetpack_sharing_enabled":true,"jetpack_shortlink":"https:\/\/wp.me\/p61naM-lEI","jetpack-related-posts":[],"_links":{"self":[{"href":"https:\/\/realitatearutiera.ro\/index.php?rest_route=\/wp\/v2\/posts\/83248","targetHints":{"allow":["GET"]}}],"collection":[{"href":"https:\/\/realitatearutiera.ro\/index.php?rest_route=\/wp\/v2\/posts"}],"about":[{"href":"https:\/\/realitatearutiera.ro\/index.php?rest_route=\/wp\/v2\/types\/post"}],"author":[{"embeddable":true,"href":"https:\/\/realitatearutiera.ro\/index.php?rest_route=\/wp\/v2\/users\/1"}],"replies":[{"embeddable":true,"href":"https:\/\/realitatearutiera.ro\/index.php?rest_route=%2Fwp%2Fv2%2Fcomments&post=83248"}],"version-history":[{"count":1,"href":"https:\/\/realitatearutiera.ro\/index.php?rest_route=\/wp\/v2\/posts\/83248\/revisions"}],"predecessor-version":[{"id":83249,"href":"https:\/\/realitatearutiera.ro\/index.php?rest_route=\/wp\/v2\/posts\/83248\/revisions\/83249"}],"wp:featuredmedia":[{"embeddable":true,"href":"https:\/\/realitatearutiera.ro\/index.php?rest_route=\/wp\/v2\/media\/78597"}],"wp:attachment":[{"href":"https:\/\/realitatearutiera.ro\/index.php?rest_route=%2Fwp%2Fv2%2Fmedia&parent=83248"}],"wp:term":[{"taxonomy":"category","embeddable":true,"href":"https:\/\/realitatearutiera.ro\/index.php?rest_route=%2Fwp%2Fv2%2Fcategories&post=83248"},{"taxonomy":"post_tag","embeddable":true,"href":"https:\/\/realitatearutiera.ro\/index.php?rest_route=%2Fwp%2Fv2%2Ftags&post=83248"}],"curies":[{"name":"wp","href":"https:\/\/api.w.org\/{rel}","templated":true}]}}