{"id":83607,"date":"2022-02-18T10:52:58","date_gmt":"2022-02-18T08:52:58","guid":{"rendered":"http:\/\/realitatearutiera.ro\/?p=83607"},"modified":"2022-02-18T10:53:03","modified_gmt":"2022-02-18T08:53:03","slug":"vreme-mohorata-cu-vant-puternic-si-ploi-slabe-dar-cu-temperaturi-de-primavara","status":"publish","type":"post","link":"https:\/\/realitatearutiera.ro\/?p=83607","title":{"rendered":"Vreme mohor\u00e2t\u0103, cu v\u00e2nt puternic \u0219i ploi slabe, dar cu temperaturi de prim\u0103var\u0103"},"content":{"rendered":"\n<p>Ast\u0103zi avem o zi mai rece dec\u00e2t cea de ieri, cu v\u00e2nt intens \u00een majoritatea zonelor \u0219i viscol pe crestele montane. &nbsp;<\/p>\n\n\n\n<p>\u00cen centru, est \u0219i sud-est, mai vin ceva precipita\u021bii slabe, iar maximele pleac\u0103 de la 4 grade \u00een depresiuni \u0219i ajung la 14 grade \u00een sudul \u0219i sud-vestul \u021b\u0103rii.<\/p>\n\n\n\n<p>Vedem ce se \u00eent\u00e2mpl\u0103 \u00een fiecare regiune \u0219i \u00eencepem cu\u00a0<strong>Dobrogea<\/strong>\u00a0\u0219i cu\u00a0<strong>B\u0103r\u0103ganul<\/strong>. Pe aici se anun\u021b\u0103 o zi mohor\u00e2t\u0103, cu ploi trec\u0103toare \u0219i un v\u00e2nt destul de insistent, care poate dep\u0103\u0219i viteze de 60 km\/h. Temperaturile scad fa\u021b\u0103 de ieri, dar se men\u021bin peste limitele normale \u0219i vor fi \u00een jur de 12&#8230;13 grade.<\/p>\n\n\n\n<p>Vremea se r\u0103ce\u0219te \u0219i mai sus \u00een&nbsp;<strong>Moldova sudic\u0103&nbsp;<\/strong>\u0219i \u00een&nbsp;<strong>nordul Munteniei<\/strong>. Ieri s-au atins 20 de grade \u00een Foc\u0219ani; ast\u0103zi maximele se opresc pe la 11&#8230;12 grade, dar \u0219i acestea sunt valori ridicate pentru luna februarie. O s\u0103 plou\u0103 din c\u00e2nd \u00een c\u00e2nd \u0219i v\u00e2ntul o s\u0103 agite atmosfera.<\/p>\n\n\n\n<p>\u00cen&nbsp;<strong>nordul Moldovei<\/strong>&nbsp;\u0219i \u00een&nbsp;<strong>Bucovina&nbsp;<\/strong>temperaturile pierd vreo 5 grade fa\u021b\u0103 de ziua trecut\u0103. Avem vreme destul de nepl\u0103cut\u0103, cer acoperit, ploi slabe \u0219i v\u00e2nt cu intensific\u0103ri. Diminea\u021ba s-ar putea s\u0103 fie un pic de lapovi\u021b\u0103, dar peste noapte cerul se degajeaz\u0103 treptat.<\/p>\n\n\n\n<p>\u00cen<strong>&nbsp;nordul Transilvaniei&nbsp;<\/strong>\u0219i \u00een&nbsp;<strong>Maramure\u0219&nbsp;<\/strong>o s\u0103 plou\u0103 \u00een zona Transilvaniei, iar la \u00eenceputul zilei vor fi condi\u021bii de lapovi\u021b\u0103. Se arat\u0103 pu\u021bin \u0219i soarele printre nori, iar maximele se opresc pe la 9&#8230;10 grade.<\/p>\n\n\n\n<p>\u00cen&nbsp;<strong>vestul \u021b\u0103rii&nbsp;<\/strong>g\u0103sim vreme schimb\u0103toare, v\u00e2nt activ \u0219i c\u00e2\u021biva stropi de ploaie \u00een apropierea mun\u021bilor. Temperaturile scad u\u0219or fa\u021b\u0103 de ieri, dar avem \u00een continuare valori ridicate pentru acest moment al anului \u0219i 11&#8230;12 grade pe la amiaz\u0103.https:\/\/f894bd770746c7650c16b83e5617470f.safeframe.googlesyndication.com\/safeframe\/1-0-38\/html\/container.html<\/p>\n\n\n\n<p>Se mai r\u0103ce\u0219te \u0219i \u00een&nbsp;<strong>Transilvania<\/strong>, pe unde va domina atmosfera \u00eenchis\u0103 \u0219i o s\u0103 plou\u0103 din c\u00e2nd \u00een c\u00e2nd. Apare \u0219i lapovi\u021ba, mai ales \u00een depresiuni, iar \u00een zonele \u00eenalte de munte o s\u0103 ning\u0103 \u0219i o s\u0103 fie viscol puternic. La noapte se face frig \u0219i vor fi minus 8 grade la Miercurea Ciuc.<\/p>\n\n\n\n<p>\u00cen&nbsp;<strong>Oltenia&nbsp;<\/strong>g\u0103sim \u00eennor\u0103ri trec\u0103toare, scurte momente cu soare \u0219i un v\u00e2nt destul de alert. Temperaturile se men\u021bin ridicate pentru acest moment al anului \u0219i ajung la 13&#8230;14 grade. Peste noapte se \u00eensenineaz\u0103 treptat \u0219i se ating \u00een jur de zero grade.<\/p>\n\n\n\n<p>\u0218i \u00een&nbsp;<strong>sudul \u021b\u0103rii&nbsp;<\/strong>avem o zi cald\u0103, dar cu temperaturi pu\u021bin mai sc\u0103zute dec\u00e2t ieri. Norii apar \u00een treac\u0103t, s-ar putea s\u0103 cad\u0103 \u0219i 2&#8230;3 stropi de ploaie, iar v\u00e2ntul r\u0103m\u00e2ne destul de insistent.<\/p>\n\n\n\n<h2 class=\"wp-block-heading\" id=\"vremea-in-\u021bara\"><strong>Vremea \u00een \u021bar\u0103<\/strong><\/h2>\n\n\n\n<p><strong>S\u00e2mb\u0103t\u0103<\/strong>&nbsp;avem o zi pu\u021bin mai rece dec\u00e2t ieri, cu v\u00e2nt intens aproape peste tot \u0219i viscol pe crestele Carpa\u021bilor. \u00cen est, sud-est \u0219i centru vor fi ploi slabe, apare \u0219i lapovi\u021ba, iar la munte va ninge.<\/p>\n\n\n\n<p><strong>Duminic\u0103<\/strong>&nbsp;se r\u0103ce\u0219te, mai cu seama \u00een sudul \u021b\u0103rii. Chiar \u0219i a\u0219a, temperaturile se men\u021bin peste limitele normale. Vom avea o zi cam mohor\u00e2t\u0103, cu ploi slabe \u00een jum\u0103tatea sudic\u0103 \u0219i ninsori trec\u0103toare \u00een zonele \u00eenalte de munte.<\/p>\n\n\n\n<p><strong>Luni&nbsp;<\/strong>se \u00eenc\u0103lze\u0219te \u00een jum\u0103tatea de sud a \u021b\u0103rii. Ploile cuprind majoritatea zonelor \u0219i vor fi mai serioase, iar la munte o s\u0103 cad\u0103 lapovi\u021b\u0103 \u0219i ninsoare. Doar \u00een sud-est avem vreme mai bun\u0103 \u0219i se arat\u0103 pu\u021bin soarele.<\/p>\n\n\n\n<h2 class=\"wp-block-heading\" id=\"vremea-in-bucure\u0219ti\"><strong>Vremea \u00een Bucure\u0219ti<\/strong><\/h2>\n\n\n\n<p>\u00cen Bucure\u0219ti g\u0103sim vreme frumoas\u0103. Norii se risipesc treptat, dar v\u00e2ntul continu\u0103 s\u0103 agite atmosfera \u0219i atinge viteze de 55 km\/h, iar maxima ajunge pe la 14 grade. Urmeaz\u0103 o noapte mai rece dec\u00e2t noaptea trecut\u0103, cu zero grade \u00een centru \u0219i minus 3 grade la periferie.<\/p>\n\n\n\n<p><strong>S\u00e2mb\u0103t\u0103<\/strong>&nbsp;se \u00eenc\u0103lze\u0219te \u0219i mai tare. Temperatura urc\u0103 p\u00e2n\u0103 la 16 grade \u0219i atmosfera devine foarte pl\u0103cut\u0103 dup\u0103 pr\u00e2nz. M\u00e2ine-noapte apar ceva \u00eennor\u0103ri \u0219i e posibil s\u0103 plou\u0103.<\/p>\n\n\n\n<p><strong>Duminic\u0103<\/strong>&nbsp;se r\u0103ce\u0219te sim\u021bitor, dar temperaturile se men\u021bin peste valorile normale \u0219i se vor \u00eenregistra 9&#8230;10 grade. Vom avea o zi mohor\u00e2t\u0103, cu ploi slabe \u0219i un pic de v\u00e2nt.<\/p>\n\n\n\n<p><strong>Luni<\/strong>&nbsp;se \u00eenc\u0103lze\u0219te din nou. Maxima ajunge la 13 grade, dar se \u00eennoreaz\u0103 treptat, iar seara \u0219i noaptea o s\u0103 plou\u0103.<\/p>\n\n\n\n<h2 class=\"wp-block-heading\" id=\"vremea-la-munte\"><strong>Vremea la munte<\/strong><\/h2>\n\n\n\n<p>La munte, se face mai frig dec\u00e2t ieri \u0219i mai vin ceva precipita\u021bii slabe. \u00cen zonele \u00eenalte o s\u0103 ning\u0103, iar \u00een Carpa\u021bii Meridionali \u0219i de Curbura, v\u00e2ntul va bate cu peste 120 km\/h. Asta \u00eenseamn\u0103 viscol puternic, z\u0103pad\u0103 troienita \u0219i vizibilitate foarte sc\u0103zut\u0103.<\/p>\n\n\n\n<p><strong>S\u00e2mb\u0103t\u0103<\/strong>, temperaturile cresc, iar la altitudini de sub 1500 de metri se face mult mai cald dec\u00e2t ar fi normal. \u00cen Carpa\u021bii Orientali \u0219i Occidentali s-ar putea s\u0103 plou\u0103 pu\u021bin, iar pe creste vor fi 2&#8230;3 fulgi de z\u0103pad\u0103.<\/p>\n\n\n\n<p><strong>Duminic\u0103<\/strong>&nbsp;se r\u0103ce\u0219te din nou \u0219i vin alte precipita\u021bii slabe, mai \u00eent\u00e2i \u00een masivele sudice, iar seara \u0219i \u00een rest. Pe creste vor domina ninsorile.<\/p>\n\n\n\n<p>Iar ziua de\u00a0<strong>luni<\/strong>\u00a0aduce o u\u0219oar\u0103 \u00eenc\u0103lzire a vremii, dar \u0219i precipita\u021bii mai serioase. Pe sear\u0103 \u0219i noaptea o s\u0103 ning\u0103, iar \u00een zonele \u00eenalte o s\u0103 fie viscol.<\/p>\n\n\n\n<p>Sursa:stirileprotv<\/p>\n","protected":false},"excerpt":{"rendered":"<p>Ast\u0103zi avem o zi mai rece dec\u00e2t cea de ieri, cu v\u00e2nt intens \u00een majoritatea zonelor \u0219i viscol pe crestele<\/p>\n","protected":false},"author":1,"featured_media":73826,"comment_status":"open","ping_status":"closed","sticky":false,"template":"","format":"standard","meta":{"spay_email":"","footnotes":"","jetpack_publicize_message":""},"categories":[1],"tags":[],"class_list":["post-83607","post","type-post","status-publish","format-standard","has-post-thumbnail","hentry","category-uncategorized"],"jetpack_featured_media_url":"https:\/\/i2.wp.com\/realitatearutiera.ro\/wp-content\/uploads\/2021\/02\/meteo-pentru-luna-septembrie-1280x720-1.jpg?fit=1280%2C720&ssl=1","jetpack_publicize_connections":[],"jetpack_sharing_enabled":true,"jetpack_shortlink":"https:\/\/wp.me\/p61naM-lKv","jetpack-related-posts":[],"_links":{"self":[{"href":"https:\/\/realitatearutiera.ro\/index.php?rest_route=\/wp\/v2\/posts\/83607","targetHints":{"allow":["GET"]}}],"collection":[{"href":"https:\/\/realitatearutiera.ro\/index.php?rest_route=\/wp\/v2\/posts"}],"about":[{"href":"https:\/\/realitatearutiera.ro\/index.php?rest_route=\/wp\/v2\/types\/post"}],"author":[{"embeddable":true,"href":"https:\/\/realitatearutiera.ro\/index.php?rest_route=\/wp\/v2\/users\/1"}],"replies":[{"embeddable":true,"href":"https:\/\/realitatearutiera.ro\/index.php?rest_route=%2Fwp%2Fv2%2Fcomments&post=83607"}],"version-history":[{"count":1,"href":"https:\/\/realitatearutiera.ro\/index.php?rest_route=\/wp\/v2\/posts\/83607\/revisions"}],"predecessor-version":[{"id":83608,"href":"https:\/\/realitatearutiera.ro\/index.php?rest_route=\/wp\/v2\/posts\/83607\/revisions\/83608"}],"wp:featuredmedia":[{"embeddable":true,"href":"https:\/\/realitatearutiera.ro\/index.php?rest_route=\/wp\/v2\/media\/73826"}],"wp:attachment":[{"href":"https:\/\/realitatearutiera.ro\/index.php?rest_route=%2Fwp%2Fv2%2Fmedia&parent=83607"}],"wp:term":[{"taxonomy":"category","embeddable":true,"href":"https:\/\/realitatearutiera.ro\/index.php?rest_route=%2Fwp%2Fv2%2Fcategories&post=83607"},{"taxonomy":"post_tag","embeddable":true,"href":"https:\/\/realitatearutiera.ro\/index.php?rest_route=%2Fwp%2Fv2%2Ftags&post=83607"}],"curies":[{"name":"wp","href":"https:\/\/api.w.org\/{rel}","templated":true}]}}